{"id":9019,"date":"2025-12-15T07:45:11","date_gmt":"2025-12-15T06:45:11","guid":{"rendered":"https:\/\/www.fcschwand.de\/home\/?p=9019"},"modified":"2025-12-15T07:49:21","modified_gmt":"2025-12-15T06:49:21","slug":"erfolge-bei-guertelpruefung-der-esdo","status":"publish","type":"post","link":"https:\/\/www.fcschwand.de\/home\/2025\/12\/15\/erfolge-bei-guertelpruefung-der-esdo\/","title":{"rendered":"Erfolge bei G\u00fcrtelpr\u00fcfung der ESDO"},"content":{"rendered":"<div id='av_section_1'  class='avia-section main_color avia-section-default avia-no-border-styling  avia-bg-style-scroll  avia-builder-el-0  avia-builder-el-no-sibling   container_wrap sidebar_right' style=' '  ><div class='container' ><main  role=\"main\" itemprop=\"mainContentOfPage\"  class='template-page content  av-content-small alpha units'><div class='post-entry post-entry-type-page post-entry-9019'><div class='entry-content-wrapper clearfix'>\n<div class=\"flex_column av_one_full  flex_column_div av-zero-column-padding first  avia-builder-el-1  avia-builder-el-no-sibling  \" style='border-radius:0px; '><section class=\"av_textblock_section \"  itemscope=\"itemscope\" itemtype=\"https:\/\/schema.org\/BlogPosting\" itemprop=\"blogPost\" ><div class='avia_textblock  '   itemprop=\"text\" ><h3>Gro\u00dfe Erfolge bei G\u00fcrtelpr\u00fcfung der ESDO-Abteilung des 1. FC Schwand<\/h3>\n<p>Am 7. November fand unter der Aufsicht des ESDO-Gr\u00fcnders und Bundestrainers<br \/>\nKunibert Back eine besondere G\u00fcrtelpr\u00fcfung der ESDO-Abteilung des 1.FC Schwand<br \/>\nstatt. ESDO ist eine auf Selbstverteidigung und Fitness ausgelegte Alternative zu<br \/>\nasiatischen Kampfsportarten.<br \/>\nNeun ESDO-Sch\u00fclerinnen und Sch\u00fcler aus der ESDO-Nachwuchsgruppe zeigten<br \/>\nbeeindruckende Leistungen und erhielten G\u00fcrtel in verschiedenen Graden.<br \/>\nNeben den jungen K\u00e4mpferinnen und K\u00e4mpfern gab es im Bereich der Frauen-<br \/>\nSelbstverteidigung LadysProtectSystem (LPS) vier erfolgreiche Pr\u00fcfungen in<br \/>\nverschiedenen Graduierungen.<br \/>\nBei den Erwachsenen konnten die drei Pr\u00fcflinge Helena Braun, Jakob Braun und Mario<br \/>\nBucksch den schwarzen G\u00fcrtel erreichen. Patrick Schmidt konnte erfolgreich sogar den<br \/>\nzweiten Meistergrad abschlie\u00dfen.<br \/>\nBesonders bemerkenswert war, dass zum ersten Mal in der Geschichte der ESDO<br \/>\nAbteilung des 1. FC Schwand zwei Pr\u00fcflinge den vierten Meistergrad erringen konnten.<br \/>\nThomas Freitag und Wolfgang Zettel absolvierten ihr anspruchsvolles und<br \/>\numfangreiches Programm auf herausragende Art und Weise, die die erfolgreiche Arbeit<br \/>\nder ESDO-Abteilung und insbesondere des langj\u00e4hrigen ESDO-Trainers, Lothar<br \/>\nSch\u00f6nsee eindrucksvoll widerspiegelte. Zuschauer und Pr\u00fcfer waren begeistert.<br \/>\nDer Bundestrainer sprach von fantastischen Leistungen, die im Rahmen dieser<br \/>\nG\u00fcrtelpr\u00fcfung gezeigt wurden. Der Verein gratuliert allen Pr\u00fcflingen herzlich und<br \/>\nbetont die Bedeutung von Disziplin, gegenseitigem Respekt und kontinuierlicher<br \/>\nWeiterbildung mit der man diese erfolgreiche Arbeit in der Schwander ESDO-Abteilung<br \/>\nauch in Zukunft fortsetzen m\u00f6chte.<br \/>\nBilderunterschrift<br \/>\nDie beiden Bilder zeigen die erfolgreichen Pr\u00fcflinge der Nachwuchsgruppe sowie die<br \/>\nErwachsenen mit dem Bundestrainer Kunibert Back (in gelb) und dem langj\u00e4hrigen<br \/>\nTrainer Lothar Sch\u00f6nsee (rechts)<\/p>\n<\/div><\/section><br \/>\n<div  class='av-horizontal-gallery av-horizontal-gallery-large-gap av-horizontal-gallery-enlarge-effect av-horizontal-gallery-1  avia-builder-el-3  el_after_av_textblock  avia-builder-el-last  av-control-default '  itemprop=\"image\" itemscope=\"itemscope\" itemtype=\"https:\/\/schema.org\/ImageObject\"  style='padding: 3.75% 0px;' data-av-enlarge='1.3'  ><div class='avia-slideshow-arrows avia-slideshow-controls'><a href='#prev' class='prev-slide av-horizontal-gallery-prev' aria-hidden='true' data-av_icon='\ue87c' data-av_iconfont='entypo-fontello'>Zur\u00fcck<\/a><a href='#next' class='next-slide av-horizontal-gallery-next' aria-hidden='true' data-av_icon='\ue87d' data-av_iconfont='entypo-fontello'>Weiter <\/a><\/div><div class='av-horizontal-gallery-inner' style='padding-bottom:25%' data-av-height='25'><div class='av-horizontal-gallery-slider'><div class='av-horizontal-gallery-wrap noHover'><img class='wp-image-9020 avia-img-lazy-loading-not-9020 av-horizontal-gallery-img' width=\"1030\" height=\"773\" src=\"https:\/\/www.fcschwand.de\/wp-content\/uploads\/2025\/12\/2025_Kinder-1030x773.jpg\" title='2025_Kinder' alt='' srcset=\"https:\/\/www.fcschwand.de\/wp-content\/uploads\/2025\/12\/2025_Kinder-1030x773.jpg 1030w, https:\/\/www.fcschwand.de\/wp-content\/uploads\/2025\/12\/2025_Kinder-300x225.jpg 300w, https:\/\/www.fcschwand.de\/wp-content\/uploads\/2025\/12\/2025_Kinder-768x576.jpg 768w, https:\/\/www.fcschwand.de\/wp-content\/uploads\/2025\/12\/2025_Kinder-1536x1152.jpg 1536w, https:\/\/www.fcschwand.de\/wp-content\/uploads\/2025\/12\/2025_Kinder-1500x1125.jpg 1500w, https:\/\/www.fcschwand.de\/wp-content\/uploads\/2025\/12\/2025_Kinder-705x529.jpg 705w, https:\/\/www.fcschwand.de\/wp-content\/uploads\/2025\/12\/2025_Kinder.jpg 2040w\" sizes=\"(max-width: 1030px) 100vw, 1030px\" \/><a href='https:\/\/www.fcschwand.de\/wp-content\/uploads\/2025\/12\/2025_Kinder-1030x773.jpg' class='av-horizontal-gallery-link' aria-hidden='true' data-av_icon='\ue869' data-av_iconfont='entypo-fontello' title='2025_Kinder' alt=''><\/a><\/div><div class='av-horizontal-gallery-wrap noHover'><img class='wp-image-9021 avia-img-lazy-loading-not-9021 av-horizontal-gallery-img' width=\"1030\" height=\"693\" src=\"https:\/\/www.fcschwand.de\/wp-content\/uploads\/2025\/12\/2025_12_Erwachsene_u_Meistergrade-1030x693.jpg\" title='2025_12_Erwachsene_u_Meistergrade' alt='' srcset=\"https:\/\/www.fcschwand.de\/wp-content\/uploads\/2025\/12\/2025_12_Erwachsene_u_Meistergrade-1030x693.jpg 1030w, https:\/\/www.fcschwand.de\/wp-content\/uploads\/2025\/12\/2025_12_Erwachsene_u_Meistergrade-300x202.jpg 300w, https:\/\/www.fcschwand.de\/wp-content\/uploads\/2025\/12\/2025_12_Erwachsene_u_Meistergrade-768x516.jpg 768w, https:\/\/www.fcschwand.de\/wp-content\/uploads\/2025\/12\/2025_12_Erwachsene_u_Meistergrade-1536x1033.jpg 1536w, https:\/\/www.fcschwand.de\/wp-content\/uploads\/2025\/12\/2025_12_Erwachsene_u_Meistergrade-1500x1009.jpg 1500w, https:\/\/www.fcschwand.de\/wp-content\/uploads\/2025\/12\/2025_12_Erwachsene_u_Meistergrade-705x474.jpg 705w, https:\/\/www.fcschwand.de\/wp-content\/uploads\/2025\/12\/2025_12_Erwachsene_u_Meistergrade.jpg 2048w\" sizes=\"(max-width: 1030px) 100vw, 1030px\" \/><a href='https:\/\/www.fcschwand.de\/wp-content\/uploads\/2025\/12\/2025_12_Erwachsene_u_Meistergrade-1030x693.jpg' class='av-horizontal-gallery-link' aria-hidden='true' data-av_icon='\ue869' data-av_iconfont='entypo-fontello' title='2025_12_Erwachsene_u_Meistergrade' alt=''><\/a><\/div><\/div><\/div><\/div><\/p><\/div><\/div><\/div><\/main><!-- close content main element --><\/div><\/div><div id='after_section_1'  class='main_color av_default_container_wrap container_wrap sidebar_right' style=' '  ><div class='container' ><div class='template-page content  av-content-small alpha units'><div class='post-entry post-entry-type-page post-entry-9019'><div class='entry-content-wrapper clearfix'>\n","protected":false},"excerpt":{"rendered":"","protected":false},"author":7,"featured_media":9021,"comment_status":"open","ping_status":"closed","sticky":false,"template":"","format":"standard","meta":[],"categories":[52,50,14,26],"tags":[],"yoast_head":"<!-- This site is optimized with the Yoast SEO plugin v15.9.2 - https:\/\/yoast.com\/wordpress\/plugins\/seo\/ -->\n<title>Erfolge bei G\u00fcrtelpr\u00fcfung der ESDO - 1.FC Schwand<\/title>\n<meta name=\"description\" content=\"Gro\u00dfe Erfolge bei G\u00fcrtelpr\u00fcfung der ESDO-Abteilung des 1. FC Schwand Am 7. November fand unter der Aufsicht des ESDO-Gr\u00fcnders und BundestrainersKunibert Back eine besondere G\u00fcrtelpr\u00fcfung der ESDO-Abteilung des 1.FC Schwandstatt.\" \/>\n<meta property=\"og:locale\" content=\"de_DE\" \/>\n<meta property=\"og:type\" content=\"article\" \/>\n<meta property=\"og:title\" content=\"Erfolge bei G\u00fcrtelpr\u00fcfung der ESDO - 1.FC Schwand\" \/>\n<meta property=\"og:description\" content=\"Gro\u00dfe Erfolge bei G\u00fcrtelpr\u00fcfung der ESDO-Abteilung des 1. FC Schwand Am 7. November fand unter der Aufsicht des ESDO-Gr\u00fcnders und BundestrainersKunibert Back eine besondere G\u00fcrtelpr\u00fcfung der ESDO-Abteilung des 1.FC Schwandstatt.\" \/>\n<meta property=\"og:url\" content=\"https:\/\/www.fcschwand.de\/home\/2025\/12\/15\/erfolge-bei-guertelpruefung-der-esdo\/\" \/>\n<meta property=\"og:site_name\" content=\"1.FC Schwand\" \/>\n<meta property=\"article:published_time\" content=\"2025-12-15T06:45:11+00:00\" \/>\n<meta property=\"article:modified_time\" content=\"2025-12-15T06:49:21+00:00\" \/>\n<meta property=\"og:image\" content=\"https:\/\/www.fcschwand.de\/wp-content\/uploads\/2025\/12\/2025_12_Erwachsene_u_Meistergrade.jpg\" \/>\n\t<meta property=\"og:image:width\" content=\"2048\" \/>\n\t<meta property=\"og:image:height\" content=\"1377\" \/>\n<meta name=\"twitter:card\" content=\"summary\" \/>\n<script type=\"application\/ld+json\" class=\"yoast-schema-graph\">{\"@context\":\"https:\/\/schema.org\",\"@graph\":[{\"@type\":\"WebSite\",\"@id\":\"https:\/\/www.fcschwand.de\/home\/#website\",\"url\":\"https:\/\/www.fcschwand.de\/home\/\",\"name\":\"1.FC Schwand\",\"description\":\"Sport aus Leidenschaft\",\"potentialAction\":[{\"@type\":\"SearchAction\",\"target\":\"https:\/\/www.fcschwand.de\/home\/?s={search_term_string}\",\"query-input\":\"required name=search_term_string\"}],\"inLanguage\":\"de\"},{\"@type\":\"ImageObject\",\"@id\":\"https:\/\/www.fcschwand.de\/home\/2025\/12\/15\/erfolge-bei-guertelpruefung-der-esdo\/#primaryimage\",\"inLanguage\":\"de\",\"url\":\"https:\/\/www.fcschwand.de\/wp-content\/uploads\/2025\/12\/2025_12_Erwachsene_u_Meistergrade.jpg\",\"width\":2048,\"height\":1377},{\"@type\":\"WebPage\",\"@id\":\"https:\/\/www.fcschwand.de\/home\/2025\/12\/15\/erfolge-bei-guertelpruefung-der-esdo\/#webpage\",\"url\":\"https:\/\/www.fcschwand.de\/home\/2025\/12\/15\/erfolge-bei-guertelpruefung-der-esdo\/\",\"name\":\"Erfolge bei G\\u00fcrtelpr\\u00fcfung der ESDO - 1.FC Schwand\",\"isPartOf\":{\"@id\":\"https:\/\/www.fcschwand.de\/home\/#website\"},\"primaryImageOfPage\":{\"@id\":\"https:\/\/www.fcschwand.de\/home\/2025\/12\/15\/erfolge-bei-guertelpruefung-der-esdo\/#primaryimage\"},\"datePublished\":\"2025-12-15T06:45:11+00:00\",\"dateModified\":\"2025-12-15T06:49:21+00:00\",\"author\":{\"@id\":\"https:\/\/www.fcschwand.de\/home\/#\/schema\/person\/ddb7a2b5d26609759a85b75a74d0c60d\"},\"description\":\"Gro\\u00dfe Erfolge bei G\\u00fcrtelpr\\u00fcfung der ESDO-Abteilung des 1. FC Schwand Am 7. November fand unter der Aufsicht des ESDO-Gr\\u00fcnders und BundestrainersKunibert Back eine besondere G\\u00fcrtelpr\\u00fcfung der ESDO-Abteilung des 1.FC Schwandstatt.\",\"breadcrumb\":{\"@id\":\"https:\/\/www.fcschwand.de\/home\/2025\/12\/15\/erfolge-bei-guertelpruefung-der-esdo\/#breadcrumb\"},\"inLanguage\":\"de\",\"potentialAction\":[{\"@type\":\"ReadAction\",\"target\":[\"https:\/\/www.fcschwand.de\/home\/2025\/12\/15\/erfolge-bei-guertelpruefung-der-esdo\/\"]}]},{\"@type\":\"BreadcrumbList\",\"@id\":\"https:\/\/www.fcschwand.de\/home\/2025\/12\/15\/erfolge-bei-guertelpruefung-der-esdo\/#breadcrumb\",\"itemListElement\":[{\"@type\":\"ListItem\",\"position\":1,\"item\":{\"@type\":\"WebPage\",\"@id\":\"https:\/\/www.fcschwand.de\/home\/1-fc-schwand-sportverein-2\/\",\"url\":\"https:\/\/www.fcschwand.de\/home\/1-fc-schwand-sportverein-2\/\",\"name\":\"Startseite\"}},{\"@type\":\"ListItem\",\"position\":2,\"item\":{\"@type\":\"WebPage\",\"@id\":\"https:\/\/www.fcschwand.de\/home\/2025\/12\/15\/erfolge-bei-guertelpruefung-der-esdo\/\",\"url\":\"https:\/\/www.fcschwand.de\/home\/2025\/12\/15\/erfolge-bei-guertelpruefung-der-esdo\/\",\"name\":\"Erfolge bei G\\u00fcrtelpr\\u00fcfung der ESDO\"}}]},{\"@type\":\"Person\",\"@id\":\"https:\/\/www.fcschwand.de\/home\/#\/schema\/person\/ddb7a2b5d26609759a85b75a74d0c60d\",\"name\":\"AlexHeinz\"}]}<\/script>\n<!-- \/ Yoast SEO plugin. -->","_links":{"self":[{"href":"https:\/\/www.fcschwand.de\/home\/wp-json\/wp\/v2\/posts\/9019"}],"collection":[{"href":"https:\/\/www.fcschwand.de\/home\/wp-json\/wp\/v2\/posts"}],"about":[{"href":"https:\/\/www.fcschwand.de\/home\/wp-json\/wp\/v2\/types\/post"}],"author":[{"embeddable":true,"href":"https:\/\/www.fcschwand.de\/home\/wp-json\/wp\/v2\/users\/7"}],"replies":[{"embeddable":true,"href":"https:\/\/www.fcschwand.de\/home\/wp-json\/wp\/v2\/comments?post=9019"}],"version-history":[{"count":3,"href":"https:\/\/www.fcschwand.de\/home\/wp-json\/wp\/v2\/posts\/9019\/revisions"}],"predecessor-version":[{"id":9025,"href":"https:\/\/www.fcschwand.de\/home\/wp-json\/wp\/v2\/posts\/9019\/revisions\/9025"}],"wp:featuredmedia":[{"embeddable":true,"href":"https:\/\/www.fcschwand.de\/home\/wp-json\/wp\/v2\/media\/9021"}],"wp:attachment":[{"href":"https:\/\/www.fcschwand.de\/home\/wp-json\/wp\/v2\/media?parent=9019"}],"wp:term":[{"taxonomy":"category","embeddable":true,"href":"https:\/\/www.fcschwand.de\/home\/wp-json\/wp\/v2\/categories?post=9019"},{"taxonomy":"post_tag","embeddable":true,"href":"https:\/\/www.fcschwand.de\/home\/wp-json\/wp\/v2\/tags?post=9019"}],"curies":[{"name":"wp","href":"https:\/\/api.w.org\/{rel}","templated":true}]}}