{"id":8967,"date":"2025-12-10T15:59:38","date_gmt":"2025-12-10T14:59:38","guid":{"rendered":"https:\/\/www.fcschwand.de\/home\/?p=8967"},"modified":"2025-12-10T16:05:25","modified_gmt":"2025-12-10T15:05:25","slug":"weihnachtsauffuehrung-die-zeit-der-turnabteilung","status":"publish","type":"post","link":"https:\/\/www.fcschwand.de\/home\/2025\/12\/10\/weihnachtsauffuehrung-die-zeit-der-turnabteilung\/","title":{"rendered":"Weihnachtsauff\u00fchrung &#8222;Die Zeit&#8220; der Turnabteilung"},"content":{"rendered":"<section class=\"av_textblock_section \"  itemscope=\"itemscope\" itemtype=\"https:\/\/schema.org\/BlogPosting\" itemprop=\"blogPost\" ><div class='avia_textblock  '   itemprop=\"text\" ><p>Weihnachtsauff\u00fchrung \u201eDie Zeit\u201c<br \/>\nAm 1. Advent, Sonntag 30.11.2025, war es soweit. Die Turnabteilung des 1. FC Schwand<br \/>\nzeigte vor vollem Saal ihre Weihnachtsauff\u00fchrung \u201eDie Zeit\u201c.<br \/>\nEine Geschichte um 2 M\u00e4dchen (Mareille Grieshamer und Paula Th\u00e4ter), die einem kleinen gr\u00fcnen<br \/>\nZeitenkobold \u201eTicki\u201c (Leontine Grieshammer) nachjagten, um die Uhr \u201eDie Zeit\u201c des Gro\u00dfvaters<br \/>\n(Nils Meissel) wieder zu holen. Der kleine Kobold hat diese stiebizt und eine abenteuerliche Reise<br \/>\ndurch die Zeit begann. Mit Hilfe einer Zeitmaschine und einer Zauberformel machten sich die<br \/>\nM\u00e4dchen auf den Weg. Immer wieder hofften sie Ticki zu fassen, um die Uhr zur\u00fcck zu bekommen,<br \/>\nwas leider nicht gelang. Auf ihrer Reise durften sie aber viele Darbietungen bestaunen.<br \/>\nSo landeten sie in der Steinzeit und erleben Tanz der Steinzeitmenschen (Crazy Catkins). Weiter<br \/>\nging es dem Kobold hinterher nach \u00c4gypten (Akrobatik und Tanz) und nach Rom (ESDO). Auch<br \/>\nverschlug es sie nach Camelot und K\u00f6nig Arthus (Mini \u2013 H\u00fcpfer). Die 2 M\u00e4dchen reisten zu einem<br \/>\nOlympischen Fakellauf (Vorschulturner) und gingen an Bord der Santa Maria (Poi&amp;Dance), bevor<br \/>\nsie im Wilden Westen landeten (Turnkids 3-5).<br \/>\nIn der Pause hatten die Besucher Zeit sich bei Gl\u00fchwein und Punsch, sowie Brezeln und Wienerle<br \/>\nzu st\u00e4rken oder konnten am Weihnachtsbasar shoppen. Hier waren \u00dcL, Eltern und Kinder seit dem<br \/>\nSommer aktiv, um viele weihnachtlichen Dekorationen pr\u00e4sentieren zu k\u00f6nnen. Sterne in allen<br \/>\nFormen und Farben, Pl\u00e4tzchen, H\u00e4keltierchen, Perlengl\u00f6ckchen, s\u00fc\u00dfe Kerzen und mehr \u2026.<br \/>\nNach der Pause floh der Kobold Ticki weiter durch die Zeit und die M\u00e4dchen hinterher. Sie<br \/>\nbesuchten zahlreiche Ninjas (ESDO), flanierten durch New Orleans (Crazy Catkins), landeten auf<br \/>\ndem Empire State Building in New York (Akrobatik und Tanz) und erlebten die Mondlandung<br \/>\n(Poi&amp;Dance).<br \/>\nAuf ihrer Jagd nach Ticki waren sie beim Mauerfall dabei (Turnen,Spiele, Leichtathletik) und<br \/>\nkamen schlie\u00dflich in der Zukunft an. Sie gerieten in einen Zeitenstrudel und erwischten endlich den<br \/>\nkleinen gr\u00fcnen Kobold, der einsieht das Zeit sehr kostbar ist und man sie nicht verschwenden sollte.<br \/>\nTicki gab die Uhr an die M\u00e4dchen und den Gro\u00dfvater zur\u00fcck. Am Ende tanzten nochmal alle<br \/>\nDarsteller, dies waren an diesem Nachmittag gut 80 Kinder- und Jugendliche, gemeinsam einen<br \/>\neinstudierten Abschlu\u00dftanz.<br \/>\nEine wirklich unterhaltsame und abwechslungsreiche Geschichte, die alle kleinen und gro\u00dfen<br \/>\nBesucher begeisterte. Eine besondere \u00dcberraschung gab es noch f\u00fcr alle \u201eKleinen\u201c: jeder bekam<br \/>\neinen Adventskalender.<br \/>\nGeschrieben wurde die Geschichte von Kim Bieringer und alle Kinder- und Jugendgruppen aus der<br \/>\nTurnabteilung waren mit Auff\u00fchrungen daran beteiligt. Die Gruppe Femmes Fada half hinter der<br \/>\nB\u00fchne und an der Technik mit. Die Musikanlage wurde von Martin Ott bedient.<br \/>\nVielen Dank an alle Verantwortlichen und Helfer, vor und hinter der B\u00fchne, an den St\u00e4nden, allen<br \/>\ndie zum Weihnachtsbasar ihre Basteleien gespendet haben und den vielen Besuchern. Ihr habt alle<br \/>\nzu einem besonderen Nachmittag im Sportheim des 1. FC Schwand beigetragen.<br \/>\nArtikel U.Papenfu\u00df<br \/>\nBilder A. Hahn, Y. Bieringer, Y. Noerr<\/p>\n<\/div><\/section>\n<div class=\"flex_column av_one_full  flex_column_div av-zero-column-padding first  avia-builder-el-1  el_after_av_textblock  avia-builder-el-last  column-top-margin\" style='border-radius:0px; '><div id='av-masonry-1' class='av-masonry  noHover av-fixed-size av-large-gap av-hover-overlay-active av-masonry-animation-active av-masonry-col-flexible av-caption-always av-caption-style- av-masonry-gallery     '  ><div class='av-masonry-container isotope av-js-disabled ' ><div class='av-masonry-entry isotope-item av-masonry-item-no-image '><\/div><a href=\"https:\/\/www.fcschwand.de\/wp-content\/uploads\/2025\/12\/Collage-Weihnachtsauffuehrung-1030x1030.jpeg\"  aria-label=\"Bild Collage Weihnachtsauff\u00fchrung\"  id='av-masonry-1-item-8968' data-av-masonry-item='8968' class='av-masonry-entry isotope-item post-8968 attachment type-attachment status-inherit hentry  av-masonry-item-with-image' title=\"Collage Weihnachtsauff\u00fchrung\" alt=\"\"   itemprop=\"thumbnailUrl\" ><div class='av-inner-masonry-sizer'><\/div><figure class='av-inner-masonry main_color'><div class=\"av-masonry-outerimage-container\"><div class=\"av-masonry-image-container\" style=\"background-image: url(https:\/\/www.fcschwand.de\/wp-content\/uploads\/2025\/12\/Collage-Weihnachtsauffuehrung-705x705.jpeg);\" title=\"Collage Weihnachtsauff\u00fchrung\" ><\/div><\/div><\/figure><\/a><!--end av-masonry entry--><a href=\"https:\/\/www.fcschwand.de\/wp-content\/uploads\/2025\/12\/c_fcs_fcschwand_kinderweihnachtsfeier25-New-Orleans-1030x685.jpg\"  aria-label=\"Bild c_fcs_fcschwand_kinderweihnachtsfeier25 (New Orleans)\"  id='av-masonry-1-item-8969' data-av-masonry-item='8969' class='av-masonry-entry isotope-item post-8969 attachment type-attachment status-inherit hentry  av-masonry-item-with-image' title=\"c_fcs_fcschwand_kinderweihnachtsfeier25 (New Orleans)\" alt=\"\"   itemprop=\"thumbnailUrl\" ><div class='av-inner-masonry-sizer'><\/div><figure class='av-inner-masonry main_color'><div class=\"av-masonry-outerimage-container\"><div class=\"av-masonry-image-container\" style=\"background-image: url(https:\/\/www.fcschwand.de\/wp-content\/uploads\/2025\/12\/c_fcs_fcschwand_kinderweihnachtsfeier25-New-Orleans-705x469.jpg);\" title=\"c_fcs_fcschwand_kinderweihnachtsfeier25 (New Orleans)\" ><\/div><\/div><\/figure><\/a><!--end av-masonry entry--><a href=\"https:\/\/www.fcschwand.de\/wp-content\/uploads\/2025\/12\/c_fcs_fcschwand_kinderweihnachtsfeier25-New-York-1-1030x685.jpg\"  aria-label=\"Bild c_fcs_fcschwand_kinderweihnachtsfeier25 (New York 1)\"  id='av-masonry-1-item-8970' data-av-masonry-item='8970' class='av-masonry-entry isotope-item post-8970 attachment type-attachment status-inherit hentry  av-masonry-item-with-image' title=\"c_fcs_fcschwand_kinderweihnachtsfeier25 (New York 1)\" alt=\"\"   itemprop=\"thumbnailUrl\" ><div class='av-inner-masonry-sizer'><\/div><figure class='av-inner-masonry main_color'><div class=\"av-masonry-outerimage-container\"><div class=\"av-masonry-image-container\" style=\"background-image: url(https:\/\/www.fcschwand.de\/wp-content\/uploads\/2025\/12\/c_fcs_fcschwand_kinderweihnachtsfeier25-New-York-1-705x469.jpg);\" title=\"c_fcs_fcschwand_kinderweihnachtsfeier25 (New York 1)\" ><\/div><\/div><\/figure><\/a><!--end av-masonry entry--><a href=\"https:\/\/www.fcschwand.de\/wp-content\/uploads\/2025\/12\/c_fcs_fcschwand_kinderweihnachtsfeier25-New-York-2-1030x685.jpg\"  aria-label=\"Bild c_fcs_fcschwand_kinderweihnachtsfeier25 (New York 2)\"  id='av-masonry-1-item-8971' data-av-masonry-item='8971' class='av-masonry-entry isotope-item post-8971 attachment type-attachment status-inherit hentry  av-masonry-item-with-image' title=\"c_fcs_fcschwand_kinderweihnachtsfeier25 (New York 2)\" alt=\"\"   itemprop=\"thumbnailUrl\" ><div class='av-inner-masonry-sizer'><\/div><figure class='av-inner-masonry main_color'><div class=\"av-masonry-outerimage-container\"><div class=\"av-masonry-image-container\" style=\"background-image: url(https:\/\/www.fcschwand.de\/wp-content\/uploads\/2025\/12\/c_fcs_fcschwand_kinderweihnachtsfeier25-New-York-2-705x469.jpg);\" title=\"c_fcs_fcschwand_kinderweihnachtsfeier25 (New York 2)\" ><\/div><\/div><\/figure><\/a><!--end av-masonry entry--><a href=\"https:\/\/www.fcschwand.de\/wp-content\/uploads\/2025\/12\/c_fcs_fcschwand_kinderweihnachtsfeier25-New-York-3-1030x685.jpg\"  aria-label=\"Bild c_fcs_fcschwand_kinderweihnachtsfeier25 (New York 3)\"  id='av-masonry-1-item-8972' data-av-masonry-item='8972' class='av-masonry-entry isotope-item post-8972 attachment type-attachment status-inherit hentry  av-masonry-item-with-image' title=\"c_fcs_fcschwand_kinderweihnachtsfeier25 (New York 3)\" alt=\"\"   itemprop=\"thumbnailUrl\" ><div class='av-inner-masonry-sizer'><\/div><figure class='av-inner-masonry main_color'><div class=\"av-masonry-outerimage-container\"><div class=\"av-masonry-image-container\" style=\"background-image: url(https:\/\/www.fcschwand.de\/wp-content\/uploads\/2025\/12\/c_fcs_fcschwand_kinderweihnachtsfeier25-New-York-3-705x469.jpg);\" title=\"c_fcs_fcschwand_kinderweihnachtsfeier25 (New York 3)\" ><\/div><\/div><\/figure><\/a><!--end av-masonry entry--><a href=\"https:\/\/www.fcschwand.de\/wp-content\/uploads\/2025\/12\/c_fcs_fcschwand_kinderweihnachtsfeier25-Mauerbau-1030x685.jpg\"  aria-label=\"Bild c_fcs_fcschwand_kinderweihnachtsfeier25 (Mauerbau)\"  id='av-masonry-1-item-8973' data-av-masonry-item='8973' class='av-masonry-entry isotope-item post-8973 attachment type-attachment status-inherit hentry  av-masonry-item-with-image' title=\"c_fcs_fcschwand_kinderweihnachtsfeier25 (Mauerbau)\" alt=\"\"   itemprop=\"thumbnailUrl\" ><div class='av-inner-masonry-sizer'><\/div><figure class='av-inner-masonry main_color'><div class=\"av-masonry-outerimage-container\"><div class=\"av-masonry-image-container\" style=\"background-image: url(https:\/\/www.fcschwand.de\/wp-content\/uploads\/2025\/12\/c_fcs_fcschwand_kinderweihnachtsfeier25-Mauerbau-705x469.jpg);\" title=\"c_fcs_fcschwand_kinderweihnachtsfeier25 (Mauerbau)\" ><\/div><\/div><\/figure><\/a><!--end av-masonry entry--><a href=\"https:\/\/www.fcschwand.de\/wp-content\/uploads\/2025\/12\/c_fcs_fcschwand_kinderweihnachtsfeier25-Mauerbau-2-1030x685.jpg\"  aria-label=\"Bild c_fcs_fcschwand_kinderweihnachtsfeier25 (Mauerbau 2)\"  id='av-masonry-1-item-8974' data-av-masonry-item='8974' class='av-masonry-entry isotope-item post-8974 attachment type-attachment status-inherit hentry  av-masonry-item-with-image' title=\"c_fcs_fcschwand_kinderweihnachtsfeier25 (Mauerbau 2)\" alt=\"\"   itemprop=\"thumbnailUrl\" ><div class='av-inner-masonry-sizer'><\/div><figure class='av-inner-masonry main_color'><div class=\"av-masonry-outerimage-container\"><div class=\"av-masonry-image-container\" style=\"background-image: url(https:\/\/www.fcschwand.de\/wp-content\/uploads\/2025\/12\/c_fcs_fcschwand_kinderweihnachtsfeier25-Mauerbau-2-705x469.jpg);\" title=\"c_fcs_fcschwand_kinderweihnachtsfeier25 (Mauerbau 2)\" ><\/div><\/div><\/figure><\/a><!--end av-masonry entry--><a href=\"https:\/\/www.fcschwand.de\/wp-content\/uploads\/2025\/12\/c_fcs_fcschwand_kinderweihnachtsfeier25-Abschlusstanz-1030x685.jpg\"  aria-label=\"Bild c_fcs_fcschwand_kinderweihnachtsfeier25 (Abschlusstanz)\"  id='av-masonry-1-item-8975' data-av-masonry-item='8975' class='av-masonry-entry isotope-item post-8975 attachment type-attachment status-inherit hentry  av-masonry-item-with-image' title=\"c_fcs_fcschwand_kinderweihnachtsfeier25 (Abschlusstanz)\" alt=\"\"   itemprop=\"thumbnailUrl\" ><div class='av-inner-masonry-sizer'><\/div><figure class='av-inner-masonry main_color'><div class=\"av-masonry-outerimage-container\"><div class=\"av-masonry-image-container\" style=\"background-image: url(https:\/\/www.fcschwand.de\/wp-content\/uploads\/2025\/12\/c_fcs_fcschwand_kinderweihnachtsfeier25-Abschlusstanz-705x469.jpg);\" title=\"c_fcs_fcschwand_kinderweihnachtsfeier25 (Abschlusstanz)\" ><\/div><\/div><\/figure><\/a><!--end av-masonry entry--><a href=\"https:\/\/www.fcschwand.de\/wp-content\/uploads\/2025\/12\/Hauptakteuere-Weihnachtsauffuehrung-773x1030.jpeg\"  aria-label=\"Bild Hauptakteuere Weihnachtsauff\u00fchrung\"  id='av-masonry-1-item-8976' data-av-masonry-item='8976' class='av-masonry-entry isotope-item post-8976 attachment type-attachment status-inherit hentry  av-masonry-item-with-image' title=\"Hauptakteuere Weihnachtsauff\u00fchrung\" alt=\"\"   itemprop=\"thumbnailUrl\" ><div class='av-inner-masonry-sizer'><\/div><figure class='av-inner-masonry main_color'><div class=\"av-masonry-outerimage-container\"><div class=\"av-masonry-image-container\" style=\"background-image: url(https:\/\/www.fcschwand.de\/wp-content\/uploads\/2025\/12\/Hauptakteuere-Weihnachtsauffuehrung-529x705.jpeg);\" title=\"Hauptakteuere Weihnachtsauff\u00fchrung\" ><\/div><\/div><\/figure><\/a><!--end av-masonry entry--><a href=\"https:\/\/www.fcschwand.de\/wp-content\/uploads\/2025\/12\/Mareille-Paula-und-die-Zeitmaschine.jpeg\"  aria-label=\"Bild Mareille Paula und die Zeitmaschine\"  id='av-masonry-1-item-8977' data-av-masonry-item='8977' class='av-masonry-entry isotope-item post-8977 attachment type-attachment status-inherit hentry  av-masonry-item-with-image' title=\"Mareille Paula und die Zeitmaschine\" alt=\"\"   itemprop=\"thumbnailUrl\" ><div class='av-inner-masonry-sizer'><\/div><figure class='av-inner-masonry main_color'><div class=\"av-masonry-outerimage-container\"><div class=\"av-masonry-image-container\" style=\"background-image: url(https:\/\/www.fcschwand.de\/wp-content\/uploads\/2025\/12\/Mareille-Paula-und-die-Zeitmaschine.jpeg);\" title=\"Mareille Paula und die Zeitmaschine\" ><\/div><\/div><\/figure><\/a><!--end av-masonry entry--><a href=\"https:\/\/www.fcschwand.de\/wp-content\/uploads\/2025\/12\/Verkauf-91-1030x773.jpeg\"  aria-label=\"Bild Verkauf 9(1)\"  id='av-masonry-1-item-8978' data-av-masonry-item='8978' class='av-masonry-entry isotope-item post-8978 attachment type-attachment status-inherit hentry  av-masonry-item-with-image' title=\"Verkauf 9(1)\" alt=\"\"   itemprop=\"thumbnailUrl\" ><div class='av-inner-masonry-sizer'><\/div><figure class='av-inner-masonry main_color'><div class=\"av-masonry-outerimage-container\"><div class=\"av-masonry-image-container\" style=\"background-image: url(https:\/\/www.fcschwand.de\/wp-content\/uploads\/2025\/12\/Verkauf-91-705x529.jpeg);\" title=\"Verkauf 9(1)\" ><\/div><\/div><\/figure><\/a><!--end av-masonry entry--><a href=\"https:\/\/www.fcschwand.de\/wp-content\/uploads\/2025\/12\/Verkauf-1-1030x464.jpeg\"  aria-label=\"Bild Verkauf 1\"  id='av-masonry-1-item-8979' data-av-masonry-item='8979' class='av-masonry-entry isotope-item post-8979 attachment type-attachment status-inherit hentry  av-masonry-item-with-image' title=\"Verkauf 1\" alt=\"\"   itemprop=\"thumbnailUrl\" ><div class='av-inner-masonry-sizer'><\/div><figure class='av-inner-masonry main_color'><div class=\"av-masonry-outerimage-container\"><div class=\"av-masonry-image-container\" style=\"background-image: url(https:\/\/www.fcschwand.de\/wp-content\/uploads\/2025\/12\/Verkauf-1-705x318.jpeg);\" title=\"Verkauf 1\" ><\/div><\/div><\/figure><\/a><!--end av-masonry entry--><a href=\"https:\/\/www.fcschwand.de\/wp-content\/uploads\/2025\/12\/Collage-Verkauf-1030x1030.jpeg\"  aria-label=\"Bild Collage Verkauf\"  id='av-masonry-1-item-8980' data-av-masonry-item='8980' class='av-masonry-entry isotope-item post-8980 attachment type-attachment status-inherit hentry  av-masonry-item-with-image' title=\"Collage Verkauf\" alt=\"\"   itemprop=\"thumbnailUrl\" ><div class='av-inner-masonry-sizer'><\/div><figure class='av-inner-masonry main_color'><div class=\"av-masonry-outerimage-container\"><div class=\"av-masonry-image-container\" style=\"background-image: url(https:\/\/www.fcschwand.de\/wp-content\/uploads\/2025\/12\/Collage-Verkauf-705x705.jpeg);\" title=\"Collage Verkauf\" ><\/div><\/div><\/figure><\/a><!--end av-masonry entry--><a href=\"https:\/\/www.fcschwand.de\/wp-content\/uploads\/2025\/12\/Verkauf-3-1030x464.jpeg\"  aria-label=\"Bild Verkauf 3\"  id='av-masonry-1-item-8981' data-av-masonry-item='8981' class='av-masonry-entry isotope-item post-8981 attachment type-attachment status-inherit hentry  av-masonry-item-with-image' title=\"Verkauf 3\" alt=\"\"   itemprop=\"thumbnailUrl\" ><div class='av-inner-masonry-sizer'><\/div><figure class='av-inner-masonry main_color'><div class=\"av-masonry-outerimage-container\"><div class=\"av-masonry-image-container\" style=\"background-image: url(https:\/\/www.fcschwand.de\/wp-content\/uploads\/2025\/12\/Verkauf-3-705x317.jpeg);\" title=\"Verkauf 3\" ><\/div><\/div><\/figure><\/a><!--end av-masonry entry--><a href=\"https:\/\/www.fcschwand.de\/wp-content\/uploads\/2025\/12\/Verkauf-4-1030x773.jpeg\"  aria-label=\"Bild Verkauf 4\"  id='av-masonry-1-item-8982' data-av-masonry-item='8982' class='av-masonry-entry isotope-item post-8982 attachment type-attachment status-inherit hentry  av-masonry-item-with-image' title=\"Verkauf 4\" alt=\"\"   itemprop=\"thumbnailUrl\" ><div class='av-inner-masonry-sizer'><\/div><figure class='av-inner-masonry main_color'><div class=\"av-masonry-outerimage-container\"><div class=\"av-masonry-image-container\" style=\"background-image: url(https:\/\/www.fcschwand.de\/wp-content\/uploads\/2025\/12\/Verkauf-4-705x529.jpeg);\" title=\"Verkauf 4\" ><\/div><\/div><\/figure><\/a><!--end av-masonry entry--><a href=\"https:\/\/www.fcschwand.de\/wp-content\/uploads\/2025\/12\/Verkauf-5-1030x773.jpeg\"  aria-label=\"Bild Verkauf 5\"  id='av-masonry-1-item-8983' data-av-masonry-item='8983' class='av-masonry-entry isotope-item post-8983 attachment type-attachment status-inherit hentry  av-masonry-item-with-image' title=\"Verkauf 5\" alt=\"\"   itemprop=\"thumbnailUrl\" ><div class='av-inner-masonry-sizer'><\/div><figure class='av-inner-masonry main_color'><div class=\"av-masonry-outerimage-container\"><div class=\"av-masonry-image-container\" style=\"background-image: url(https:\/\/www.fcschwand.de\/wp-content\/uploads\/2025\/12\/Verkauf-5-705x529.jpeg);\" title=\"Verkauf 5\" ><\/div><\/div><\/figure><\/a><!--end av-masonry entry--><a href=\"https:\/\/www.fcschwand.de\/wp-content\/uploads\/2025\/12\/Verkauf-6-1030x773.jpeg\"  aria-label=\"Bild Verkauf 6\"  id='av-masonry-1-item-8984' data-av-masonry-item='8984' class='av-masonry-entry isotope-item post-8984 attachment type-attachment status-inherit hentry  av-masonry-item-with-image' title=\"Verkauf 6\" alt=\"\"   itemprop=\"thumbnailUrl\" ><div class='av-inner-masonry-sizer'><\/div><figure class='av-inner-masonry main_color'><div class=\"av-masonry-outerimage-container\"><div class=\"av-masonry-image-container\" style=\"background-image: url(https:\/\/www.fcschwand.de\/wp-content\/uploads\/2025\/12\/Verkauf-6-705x529.jpeg);\" title=\"Verkauf 6\" ><\/div><\/div><\/figure><\/a><!--end av-masonry entry--><a href=\"https:\/\/www.fcschwand.de\/wp-content\/uploads\/2025\/12\/Verkauf-7-1030x773.jpeg\"  aria-label=\"Bild Verkauf 7\"  id='av-masonry-1-item-8985' data-av-masonry-item='8985' class='av-masonry-entry isotope-item post-8985 attachment type-attachment status-inherit hentry  av-masonry-item-with-image' title=\"Verkauf 7\" alt=\"\"   itemprop=\"thumbnailUrl\" ><div class='av-inner-masonry-sizer'><\/div><figure class='av-inner-masonry main_color'><div class=\"av-masonry-outerimage-container\"><div class=\"av-masonry-image-container\" style=\"background-image: url(https:\/\/www.fcschwand.de\/wp-content\/uploads\/2025\/12\/Verkauf-7-705x529.jpeg);\" title=\"Verkauf 7\" ><\/div><\/div><\/figure><\/a><!--end av-masonry entry--><a href=\"https:\/\/www.fcschwand.de\/wp-content\/uploads\/2025\/12\/Verkauf-8-1030x773.jpeg\"  aria-label=\"Bild Verkauf 8\"  id='av-masonry-1-item-8986' data-av-masonry-item='8986' class='av-masonry-entry isotope-item post-8986 attachment type-attachment status-inherit hentry  av-masonry-item-with-image' title=\"Verkauf 8\" alt=\"\"   itemprop=\"thumbnailUrl\" ><div class='av-inner-masonry-sizer'><\/div><figure class='av-inner-masonry main_color'><div class=\"av-masonry-outerimage-container\"><div class=\"av-masonry-image-container\" style=\"background-image: url(https:\/\/www.fcschwand.de\/wp-content\/uploads\/2025\/12\/Verkauf-8-705x529.jpeg);\" title=\"Verkauf 8\" ><\/div><\/div><\/figure><\/a><!--end av-masonry entry--><a href=\"https:\/\/www.fcschwand.de\/wp-content\/uploads\/2025\/12\/Verkauf-9-1030x773.jpeg\"  aria-label=\"Bild Verkauf 9\"  id='av-masonry-1-item-8987' data-av-masonry-item='8987' class='av-masonry-entry isotope-item post-8987 attachment type-attachment status-inherit hentry  av-masonry-item-with-image' title=\"Verkauf 9\" alt=\"\"   itemprop=\"thumbnailUrl\" ><div class='av-inner-masonry-sizer'><\/div><figure class='av-inner-masonry main_color'><div class=\"av-masonry-outerimage-container\"><div class=\"av-masonry-image-container\" style=\"background-image: url(https:\/\/www.fcschwand.de\/wp-content\/uploads\/2025\/12\/Verkauf-9-705x529.jpeg);\" title=\"Verkauf 9\" ><\/div><\/div><\/figure><\/a><!--end av-masonry entry--><a href=\"https:\/\/www.fcschwand.de\/wp-content\/uploads\/2025\/12\/c_fcs_fcschwand_kinderweihnachtsfeier25-Rom-1-1030x685.jpg\"  aria-label=\"Bild c_fcs_fcschwand_kinderweihnachtsfeier25 (Rom 1)\"  id='av-masonry-1-item-8988' data-av-masonry-item='8988' class='av-masonry-entry isotope-item post-8988 attachment type-attachment status-inherit hentry  av-masonry-item-with-image' title=\"c_fcs_fcschwand_kinderweihnachtsfeier25 (Rom 1)\" alt=\"\"   itemprop=\"thumbnailUrl\" ><div class='av-inner-masonry-sizer'><\/div><figure class='av-inner-masonry main_color'><div class=\"av-masonry-outerimage-container\"><div class=\"av-masonry-image-container\" style=\"background-image: url(https:\/\/www.fcschwand.de\/wp-content\/uploads\/2025\/12\/c_fcs_fcschwand_kinderweihnachtsfeier25-Rom-1-705x469.jpg);\" title=\"c_fcs_fcschwand_kinderweihnachtsfeier25 (Rom 1)\" ><\/div><\/div><\/figure><\/a><!--end av-masonry entry--><a href=\"https:\/\/www.fcschwand.de\/wp-content\/uploads\/2025\/12\/c_fcs_fcschwand_kinderweihnachtsfeier25-Camelot-1-1030x685.jpg\"  aria-label=\"Bild c_fcs_fcschwand_kinderweihnachtsfeier25 (Camelot 1)\"  id='av-masonry-1-item-8989' data-av-masonry-item='8989' class='av-masonry-entry isotope-item post-8989 attachment type-attachment status-inherit hentry  av-masonry-item-with-image' title=\"c_fcs_fcschwand_kinderweihnachtsfeier25 (Camelot 1)\" alt=\"\"   itemprop=\"thumbnailUrl\" ><div class='av-inner-masonry-sizer'><\/div><figure class='av-inner-masonry main_color'><div class=\"av-masonry-outerimage-container\"><div class=\"av-masonry-image-container\" style=\"background-image: url(https:\/\/www.fcschwand.de\/wp-content\/uploads\/2025\/12\/c_fcs_fcschwand_kinderweihnachtsfeier25-Camelot-1-705x469.jpg);\" title=\"c_fcs_fcschwand_kinderweihnachtsfeier25 (Camelot 1)\" ><\/div><\/div><\/figure><\/a><!--end av-masonry entry--><a href=\"https:\/\/www.fcschwand.de\/wp-content\/uploads\/2025\/12\/c_fcs_fcschwand_kinderweihnachtsfeier25-Santa-Maria-1030x685.jpg\"  aria-label=\"Bild c_fcs_fcschwand_kinderweihnachtsfeier25 (Santa Maria)\"  id='av-masonry-1-item-8990' data-av-masonry-item='8990' class='av-masonry-entry isotope-item post-8990 attachment type-attachment status-inherit hentry  av-masonry-item-with-image' title=\"c_fcs_fcschwand_kinderweihnachtsfeier25 (Santa Maria)\" alt=\"\"   itemprop=\"thumbnailUrl\" ><div class='av-inner-masonry-sizer'><\/div><figure class='av-inner-masonry main_color'><div class=\"av-masonry-outerimage-container\"><div class=\"av-masonry-image-container\" style=\"background-image: url(https:\/\/www.fcschwand.de\/wp-content\/uploads\/2025\/12\/c_fcs_fcschwand_kinderweihnachtsfeier25-Santa-Maria-705x469.jpg);\" title=\"c_fcs_fcschwand_kinderweihnachtsfeier25 (Santa Maria)\" ><\/div><\/div><\/figure><\/a><!--end av-masonry entry--><a href=\"https:\/\/www.fcschwand.de\/wp-content\/uploads\/2025\/12\/c_fcs_fcschwand_kinderweihnachtsfeier25-Santa-Maria-2-1030x685.jpg\"  aria-label=\"Bild c_fcs_fcschwand_kinderweihnachtsfeier25 (Santa Maria 2)\"  id='av-masonry-1-item-8991' data-av-masonry-item='8991' class='av-masonry-entry isotope-item post-8991 attachment type-attachment status-inherit hentry  av-masonry-item-with-image' title=\"c_fcs_fcschwand_kinderweihnachtsfeier25 (Santa Maria 2)\" alt=\"\"   itemprop=\"thumbnailUrl\" ><div class='av-inner-masonry-sizer'><\/div><figure class='av-inner-masonry main_color'><div class=\"av-masonry-outerimage-container\"><div class=\"av-masonry-image-container\" style=\"background-image: url(https:\/\/www.fcschwand.de\/wp-content\/uploads\/2025\/12\/c_fcs_fcschwand_kinderweihnachtsfeier25-Santa-Maria-2-705x469.jpg);\" title=\"c_fcs_fcschwand_kinderweihnachtsfeier25 (Santa Maria 2)\" ><\/div><\/div><\/figure><\/a><!--end av-masonry entry--><\/div><\/div><\/div>\n","protected":false},"excerpt":{"rendered":"","protected":false},"author":7,"featured_media":8999,"comment_status":"open","ping_status":"closed","sticky":false,"template":"","format":"standard","meta":[],"categories":[52,14,26,44],"tags":[],"yoast_head":"<!-- This site is optimized with the Yoast SEO plugin v15.9.2 - https:\/\/yoast.com\/wordpress\/plugins\/seo\/ -->\n<title>Weihnachtsauff\u00fchrung &quot;Die Zeit&quot; der Turnabteilung - 1.FC Schwand<\/title>\n<meta name=\"description\" content=\"Weihnachtsauff\u00fchrung \u201eDie Zeit\u201cAm 1. Advent, Sonntag 30.11.2025, war es soweit. Die Turnabteilung des 1. FC Schwandzeigte vor vollem Saal ihre Weihnachtsauff\u00fchrung \u201eDie Zeit\u201c.Eine Geschichte um 2 M\u00e4dchen (Mareille Grieshamer und Paula Th\u00e4ter), die einem kleinen gr\u00fcnenZeitenkobold \u201eTicki\u201c (Leontine Grieshammer) nachjagten, um die Uhr \u201eDie Zeit\u201c des Gro\u00dfvaters(Nils Meissel) wieder zu holen. Der kleine Kobold hat diese stiebizt und eine abenteuerliche Reisedurch die Zeit begann. Mit Hilfe einer Zeitmaschine und einer Zauberformel machten sich dieM\u00e4dchen auf den Weg. Immer wieder hofften sie Ticki zu fassen, um die Uhr zur\u00fcck zu bekommen,was leider nicht gelang. Auf ihrer Reise durften sie aber viele Darbietungen bestaunen.\" \/>\n<meta property=\"og:locale\" content=\"de_DE\" \/>\n<meta property=\"og:type\" content=\"article\" \/>\n<meta property=\"og:title\" content=\"Weihnachtsauff\u00fchrung &quot;Die Zeit&quot; der Turnabteilung - 1.FC Schwand\" \/>\n<meta property=\"og:description\" content=\"Weihnachtsauff\u00fchrung \u201eDie Zeit\u201cAm 1. Advent, Sonntag 30.11.2025, war es soweit. Die Turnabteilung des 1. FC Schwandzeigte vor vollem Saal ihre Weihnachtsauff\u00fchrung \u201eDie Zeit\u201c.Eine Geschichte um 2 M\u00e4dchen (Mareille Grieshamer und Paula Th\u00e4ter), die einem kleinen gr\u00fcnenZeitenkobold \u201eTicki\u201c (Leontine Grieshammer) nachjagten, um die Uhr \u201eDie Zeit\u201c des Gro\u00dfvaters(Nils Meissel) wieder zu holen. Der kleine Kobold hat diese stiebizt und eine abenteuerliche Reisedurch die Zeit begann. Mit Hilfe einer Zeitmaschine und einer Zauberformel machten sich dieM\u00e4dchen auf den Weg. Immer wieder hofften sie Ticki zu fassen, um die Uhr zur\u00fcck zu bekommen,was leider nicht gelang. Auf ihrer Reise durften sie aber viele Darbietungen bestaunen.\" \/>\n<meta property=\"og:url\" content=\"https:\/\/www.fcschwand.de\/home\/2025\/12\/10\/weihnachtsauffuehrung-die-zeit-der-turnabteilung\/\" \/>\n<meta property=\"og:site_name\" content=\"1.FC Schwand\" \/>\n<meta property=\"article:published_time\" content=\"2025-12-10T14:59:38+00:00\" \/>\n<meta property=\"article:modified_time\" content=\"2025-12-10T15:05:25+00:00\" \/>\n<meta property=\"og:image\" content=\"https:\/\/www.fcschwand.de\/wp-content\/uploads\/2025\/12\/c_fcs_fcschwand_kinderweihnachtsfeier25-Aegypten-5-scaled.jpg\" \/>\n\t<meta property=\"og:image:width\" content=\"2560\" \/>\n\t<meta property=\"og:image:height\" content=\"1702\" \/>\n<meta name=\"twitter:card\" content=\"summary\" \/>\n<meta name=\"twitter:label1\" content=\"Gesch\u00e4tzte Lesezeit\">\n\t<meta name=\"twitter:data1\" content=\"3\u00a0Minuten\">\n<script type=\"application\/ld+json\" class=\"yoast-schema-graph\">{\"@context\":\"https:\/\/schema.org\",\"@graph\":[{\"@type\":\"WebSite\",\"@id\":\"https:\/\/www.fcschwand.de\/home\/#website\",\"url\":\"https:\/\/www.fcschwand.de\/home\/\",\"name\":\"1.FC Schwand\",\"description\":\"Sport aus Leidenschaft\",\"potentialAction\":[{\"@type\":\"SearchAction\",\"target\":\"https:\/\/www.fcschwand.de\/home\/?s={search_term_string}\",\"query-input\":\"required name=search_term_string\"}],\"inLanguage\":\"de\"},{\"@type\":\"ImageObject\",\"@id\":\"https:\/\/www.fcschwand.de\/home\/2025\/12\/10\/weihnachtsauffuehrung-die-zeit-der-turnabteilung\/#primaryimage\",\"inLanguage\":\"de\",\"url\":\"https:\/\/www.fcschwand.de\/wp-content\/uploads\/2025\/12\/c_fcs_fcschwand_kinderweihnachtsfeier25-Aegypten-5-scaled.jpg\",\"width\":2560,\"height\":1702},{\"@type\":\"WebPage\",\"@id\":\"https:\/\/www.fcschwand.de\/home\/2025\/12\/10\/weihnachtsauffuehrung-die-zeit-der-turnabteilung\/#webpage\",\"url\":\"https:\/\/www.fcschwand.de\/home\/2025\/12\/10\/weihnachtsauffuehrung-die-zeit-der-turnabteilung\/\",\"name\":\"Weihnachtsauff\\u00fchrung \\\"Die Zeit\\\" der Turnabteilung - 1.FC Schwand\",\"isPartOf\":{\"@id\":\"https:\/\/www.fcschwand.de\/home\/#website\"},\"primaryImageOfPage\":{\"@id\":\"https:\/\/www.fcschwand.de\/home\/2025\/12\/10\/weihnachtsauffuehrung-die-zeit-der-turnabteilung\/#primaryimage\"},\"datePublished\":\"2025-12-10T14:59:38+00:00\",\"dateModified\":\"2025-12-10T15:05:25+00:00\",\"author\":{\"@id\":\"https:\/\/www.fcschwand.de\/home\/#\/schema\/person\/ddb7a2b5d26609759a85b75a74d0c60d\"},\"description\":\"Weihnachtsauff\\u00fchrung \\u201eDie Zeit\\u201cAm 1. Advent, Sonntag 30.11.2025, war es soweit. Die Turnabteilung des 1. FC Schwandzeigte vor vollem Saal ihre Weihnachtsauff\\u00fchrung \\u201eDie Zeit\\u201c.Eine Geschichte um 2 M\\u00e4dchen (Mareille Grieshamer und Paula Th\\u00e4ter), die einem kleinen gr\\u00fcnenZeitenkobold \\u201eTicki\\u201c (Leontine Grieshammer) nachjagten, um die Uhr \\u201eDie Zeit\\u201c des Gro\\u00dfvaters(Nils Meissel) wieder zu holen. Der kleine Kobold hat diese stiebizt und eine abenteuerliche Reisedurch die Zeit begann. Mit Hilfe einer Zeitmaschine und einer Zauberformel machten sich dieM\\u00e4dchen auf den Weg. Immer wieder hofften sie Ticki zu fassen, um die Uhr zur\\u00fcck zu bekommen,was leider nicht gelang. Auf ihrer Reise durften sie aber viele Darbietungen bestaunen.\",\"breadcrumb\":{\"@id\":\"https:\/\/www.fcschwand.de\/home\/2025\/12\/10\/weihnachtsauffuehrung-die-zeit-der-turnabteilung\/#breadcrumb\"},\"inLanguage\":\"de\",\"potentialAction\":[{\"@type\":\"ReadAction\",\"target\":[\"https:\/\/www.fcschwand.de\/home\/2025\/12\/10\/weihnachtsauffuehrung-die-zeit-der-turnabteilung\/\"]}]},{\"@type\":\"BreadcrumbList\",\"@id\":\"https:\/\/www.fcschwand.de\/home\/2025\/12\/10\/weihnachtsauffuehrung-die-zeit-der-turnabteilung\/#breadcrumb\",\"itemListElement\":[{\"@type\":\"ListItem\",\"position\":1,\"item\":{\"@type\":\"WebPage\",\"@id\":\"https:\/\/www.fcschwand.de\/home\/1-fc-schwand-sportverein-2\/\",\"url\":\"https:\/\/www.fcschwand.de\/home\/1-fc-schwand-sportverein-2\/\",\"name\":\"Startseite\"}},{\"@type\":\"ListItem\",\"position\":2,\"item\":{\"@type\":\"WebPage\",\"@id\":\"https:\/\/www.fcschwand.de\/home\/2025\/12\/10\/weihnachtsauffuehrung-die-zeit-der-turnabteilung\/\",\"url\":\"https:\/\/www.fcschwand.de\/home\/2025\/12\/10\/weihnachtsauffuehrung-die-zeit-der-turnabteilung\/\",\"name\":\"Weihnachtsauff\\u00fchrung &#8222;Die Zeit&#8220; der Turnabteilung\"}}]},{\"@type\":\"Person\",\"@id\":\"https:\/\/www.fcschwand.de\/home\/#\/schema\/person\/ddb7a2b5d26609759a85b75a74d0c60d\",\"name\":\"AlexHeinz\"}]}<\/script>\n<!-- \/ Yoast SEO plugin. -->","_links":{"self":[{"href":"https:\/\/www.fcschwand.de\/home\/wp-json\/wp\/v2\/posts\/8967"}],"collection":[{"href":"https:\/\/www.fcschwand.de\/home\/wp-json\/wp\/v2\/posts"}],"about":[{"href":"https:\/\/www.fcschwand.de\/home\/wp-json\/wp\/v2\/types\/post"}],"author":[{"embeddable":true,"href":"https:\/\/www.fcschwand.de\/home\/wp-json\/wp\/v2\/users\/7"}],"replies":[{"embeddable":true,"href":"https:\/\/www.fcschwand.de\/home\/wp-json\/wp\/v2\/comments?post=8967"}],"version-history":[{"count":3,"href":"https:\/\/www.fcschwand.de\/home\/wp-json\/wp\/v2\/posts\/8967\/revisions"}],"predecessor-version":[{"id":9001,"href":"https:\/\/www.fcschwand.de\/home\/wp-json\/wp\/v2\/posts\/8967\/revisions\/9001"}],"wp:featuredmedia":[{"embeddable":true,"href":"https:\/\/www.fcschwand.de\/home\/wp-json\/wp\/v2\/media\/8999"}],"wp:attachment":[{"href":"https:\/\/www.fcschwand.de\/home\/wp-json\/wp\/v2\/media?parent=8967"}],"wp:term":[{"taxonomy":"category","embeddable":true,"href":"https:\/\/www.fcschwand.de\/home\/wp-json\/wp\/v2\/categories?post=8967"},{"taxonomy":"post_tag","embeddable":true,"href":"https:\/\/www.fcschwand.de\/home\/wp-json\/wp\/v2\/tags?post=8967"}],"curies":[{"name":"wp","href":"https:\/\/api.w.org\/{rel}","templated":true}]}}