{"id":8906,"date":"2025-05-25T16:47:29","date_gmt":"2025-05-25T14:47:29","guid":{"rendered":"https:\/\/www.fcschwand.de\/home\/?p=8906"},"modified":"2025-07-21T16:47:50","modified_gmt":"2025-07-21T14:47:50","slug":"tag-der-vereine-an-der-grundschule-schwanstetten","status":"publish","type":"post","link":"https:\/\/www.fcschwand.de\/home\/2025\/05\/25\/tag-der-vereine-an-der-grundschule-schwanstetten\/","title":{"rendered":"Tag der Vereine an der Grundschule Schwanstetten"},"content":{"rendered":"<div class=\"flex_column av_one_full  flex_column_div av-zero-column-padding first  avia-builder-el-0  avia-builder-el-no-sibling  \" style='border-radius:0px; '><section class=\"av_textblock_section \"  itemscope=\"itemscope\" itemtype=\"https:\/\/schema.org\/BlogPosting\" itemprop=\"blogPost\" ><div class='avia_textblock  '   itemprop=\"text\" ><h3>Die Turnabteilung vom 1. FC Schwand beim \u201eTag der Vereine\u201c<\/h3>\n<p>Am Freitag, den 23.05.2025 veranstaltete die Grundschule Schwanstetten einen \u201eTag der Vereine\u201c.<\/p>\n<p>Ortsans\u00e4ssige Vereine konnten sich hier pr\u00e4sentieren. Auch der 1. FC Schwand war mit der Tennis- und Turnabteilung vertreten.<\/p>\n<p>W\u00e4hrend die Tennisabteilung drau\u00dfen auf der Wiese ein Schnuppertennis f\u00fcr Gro\u00df- und Klein anbot, hatte die Turnabteilung die Turnhalle zu einem bunten Turnparcous ausgebaut.<\/p>\n<p>\u00dcber Trapez, Taue, Schaukel, Mini-Golf, Seilspringen, Geschick mit Kasten und Reifen, gab es auch die M\u00f6glichkeit, alle Varianten von Poi und deren Verwendung auszuprobieren.<\/p>\n<p>Die Angebote in der Halle wurden bis zum Ende der Veranstaltung mit Begeisterung genutzt.<\/p>\n<p>Einen Auftritt gab es von der Akrobatik und Tanz Gruppe, die auf dem Hartplatz ihre Choreographie mit Musiken aus dem Film \u201eThe Greatest Showman\u201c zeigte. Das Publikum war begeistert und es gab viel Applaus.<\/p>\n<p>Allen unseren ehrenamtlichen Helfern ein gro\u00dfes Danke! Sch\u00f6n das ihr diesen Tag mit gestaltet habt.<\/p>\n<\/div><\/section><br \/>\n<div  class='avia-gallery  avia-gallery-1 avia_lazyload avia-gallery-animate avia_animate_when_visible  avia-builder-el-2  el_after_av_textblock  avia-builder-el-last '  itemprop=\"image\" itemscope=\"itemscope\" itemtype=\"https:\/\/schema.org\/ImageObject\" ><div class='avia-gallery-thumb'> <a href='https:\/\/www.fcschwand.de\/wp-content\/uploads\/2025\/07\/Akrobatik--1030x773.jpg' data-rel='gallery-1' data-prev-img='https:\/\/www.fcschwand.de\/wp-content\/uploads\/2025\/07\/Akrobatik--495x400.jpg' class='first_thumb lightbox ' data-onclick='1' title='Akrobatik'  itemprop=\"thumbnailUrl\"  ><img class=\"wp-image-8907 avia-img-lazy-loading-not-8907\"   src=\"https:\/\/www.fcschwand.de\/wp-content\/uploads\/2025\/07\/Akrobatik--495x400.jpg\" width=\"495\" height=\"400\"  title='Akrobatik' alt='' srcset=\"https:\/\/www.fcschwand.de\/wp-content\/uploads\/2025\/07\/Akrobatik--495x400.jpg 495w, https:\/\/www.fcschwand.de\/wp-content\/uploads\/2025\/07\/Akrobatik--845x684.jpg 845w\" sizes=\"(max-width: 495px) 100vw, 495px\" \/><\/a> <a href='https:\/\/www.fcschwand.de\/wp-content\/uploads\/2025\/07\/Aktivitaet-Halle-1-1030x773.jpg' data-rel='gallery-1' data-prev-img='https:\/\/www.fcschwand.de\/wp-content\/uploads\/2025\/07\/Aktivitaet-Halle-1-495x400.jpg' class='lightbox ' data-onclick='2' title='Aktivit\u00e4t Halle 1'  itemprop=\"thumbnailUrl\"  ><img class=\"wp-image-8908 avia-img-lazy-loading-not-8908\"   src=\"https:\/\/www.fcschwand.de\/wp-content\/uploads\/2025\/07\/Aktivitaet-Halle-1-495x400.jpg\" width=\"495\" height=\"400\"  title='Aktivit\u00e4t Halle 1' alt='' srcset=\"https:\/\/www.fcschwand.de\/wp-content\/uploads\/2025\/07\/Aktivitaet-Halle-1-495x400.jpg 495w, https:\/\/www.fcschwand.de\/wp-content\/uploads\/2025\/07\/Aktivitaet-Halle-1-845x684.jpg 845w\" sizes=\"(max-width: 495px) 100vw, 495px\" \/><\/a> <a href='https:\/\/www.fcschwand.de\/wp-content\/uploads\/2025\/07\/Aktivitaet-Halle-2-1030x773.jpg' data-rel='gallery-1' data-prev-img='https:\/\/www.fcschwand.de\/wp-content\/uploads\/2025\/07\/Aktivitaet-Halle-2-495x400.jpg' class='lightbox ' data-onclick='3' title='Aktivit\u00e4t Halle 2'  itemprop=\"thumbnailUrl\"  ><img class=\"wp-image-8909 avia-img-lazy-loading-not-8909\"   src=\"https:\/\/www.fcschwand.de\/wp-content\/uploads\/2025\/07\/Aktivitaet-Halle-2-495x400.jpg\" width=\"495\" height=\"400\"  title='Aktivit\u00e4t Halle 2' alt='' srcset=\"https:\/\/www.fcschwand.de\/wp-content\/uploads\/2025\/07\/Aktivitaet-Halle-2-495x400.jpg 495w, https:\/\/www.fcschwand.de\/wp-content\/uploads\/2025\/07\/Aktivitaet-Halle-2-845x684.jpg 845w\" sizes=\"(max-width: 495px) 100vw, 495px\" \/><\/a> <a href='https:\/\/www.fcschwand.de\/wp-content\/uploads\/2025\/07\/Aktivitaet-Halle-3-1030x773.jpg' data-rel='gallery-1' data-prev-img='https:\/\/www.fcschwand.de\/wp-content\/uploads\/2025\/07\/Aktivitaet-Halle-3-495x400.jpg' class='lightbox ' data-onclick='4' title='Aktivit\u00e4t Halle 3'  itemprop=\"thumbnailUrl\"  ><img class=\"wp-image-8910 avia-img-lazy-loading-not-8910\"   src=\"https:\/\/www.fcschwand.de\/wp-content\/uploads\/2025\/07\/Aktivitaet-Halle-3-495x400.jpg\" width=\"495\" height=\"400\"  title='Aktivit\u00e4t Halle 3' alt='' srcset=\"https:\/\/www.fcschwand.de\/wp-content\/uploads\/2025\/07\/Aktivitaet-Halle-3-495x400.jpg 495w, https:\/\/www.fcschwand.de\/wp-content\/uploads\/2025\/07\/Aktivitaet-Halle-3-845x684.jpg 845w\" sizes=\"(max-width: 495px) 100vw, 495px\" \/><\/a> <a href='https:\/\/www.fcschwand.de\/wp-content\/uploads\/2025\/07\/Aktivitaet-Halle-4-1030x773.jpg' data-rel='gallery-1' data-prev-img='https:\/\/www.fcschwand.de\/wp-content\/uploads\/2025\/07\/Aktivitaet-Halle-4-495x400.jpg' class='lightbox ' data-onclick='5' title='Aktivit\u00e4t Halle 4'  itemprop=\"thumbnailUrl\"  ><img class=\"wp-image-8911 avia-img-lazy-loading-not-8911\"   src=\"https:\/\/www.fcschwand.de\/wp-content\/uploads\/2025\/07\/Aktivitaet-Halle-4-495x400.jpg\" width=\"495\" height=\"400\"  title='Aktivit\u00e4t Halle 4' alt='' srcset=\"https:\/\/www.fcschwand.de\/wp-content\/uploads\/2025\/07\/Aktivitaet-Halle-4-495x400.jpg 495w, https:\/\/www.fcschwand.de\/wp-content\/uploads\/2025\/07\/Aktivitaet-Halle-4-845x684.jpg 845w\" sizes=\"(max-width: 495px) 100vw, 495px\" \/><\/a> <a href='https:\/\/www.fcschwand.de\/wp-content\/uploads\/2025\/07\/Aufbau-Halle-1-773x1030.jpg' data-rel='gallery-1' data-prev-img='https:\/\/www.fcschwand.de\/wp-content\/uploads\/2025\/07\/Aufbau-Halle-1-495x400.jpg' class='first_thumb lightbox ' data-onclick='6' title='Aufbau Halle 1'  itemprop=\"thumbnailUrl\"  ><img class=\"wp-image-8912 avia-img-lazy-loading-not-8912\"   src=\"https:\/\/www.fcschwand.de\/wp-content\/uploads\/2025\/07\/Aufbau-Halle-1-495x400.jpg\" width=\"495\" height=\"400\"  title='Aufbau Halle 1' alt='' srcset=\"https:\/\/www.fcschwand.de\/wp-content\/uploads\/2025\/07\/Aufbau-Halle-1-495x400.jpg 495w, https:\/\/www.fcschwand.de\/wp-content\/uploads\/2025\/07\/Aufbau-Halle-1-845x684.jpg 845w\" sizes=\"(max-width: 495px) 100vw, 495px\" \/><\/a> <a href='https:\/\/www.fcschwand.de\/wp-content\/uploads\/2025\/07\/Helferteam-1030x773.jpg' data-rel='gallery-1' data-prev-img='https:\/\/www.fcschwand.de\/wp-content\/uploads\/2025\/07\/Helferteam-495x400.jpg' class='lightbox ' data-onclick='7' title='Helferteam'  itemprop=\"thumbnailUrl\"  ><img class=\"wp-image-8913 avia-img-lazy-loading-not-8913\"   src=\"https:\/\/www.fcschwand.de\/wp-content\/uploads\/2025\/07\/Helferteam-495x400.jpg\" width=\"495\" height=\"400\"  title='Helferteam' alt='' srcset=\"https:\/\/www.fcschwand.de\/wp-content\/uploads\/2025\/07\/Helferteam-495x400.jpg 495w, https:\/\/www.fcschwand.de\/wp-content\/uploads\/2025\/07\/Helferteam-845x684.jpg 845w\" sizes=\"(max-width: 495px) 100vw, 495px\" \/><\/a> <a href='https:\/\/www.fcschwand.de\/wp-content\/uploads\/2025\/07\/Labyrinth-773x1030.jpg' data-rel='gallery-1' data-prev-img='https:\/\/www.fcschwand.de\/wp-content\/uploads\/2025\/07\/Labyrinth-495x400.jpg' class='lightbox ' data-onclick='8' title='Labyrinth'  itemprop=\"thumbnailUrl\"  ><img class=\"wp-image-8914 avia-img-lazy-loading-not-8914\"   src=\"https:\/\/www.fcschwand.de\/wp-content\/uploads\/2025\/07\/Labyrinth-495x400.jpg\" width=\"495\" height=\"400\"  title='Labyrinth' alt='' srcset=\"https:\/\/www.fcschwand.de\/wp-content\/uploads\/2025\/07\/Labyrinth-495x400.jpg 495w, https:\/\/www.fcschwand.de\/wp-content\/uploads\/2025\/07\/Labyrinth-845x684.jpg 845w\" sizes=\"(max-width: 495px) 100vw, 495px\" \/><\/a> <a href='https:\/\/www.fcschwand.de\/wp-content\/uploads\/2025\/07\/Minigolf-1-773x1030.jpg' data-rel='gallery-1' data-prev-img='https:\/\/www.fcschwand.de\/wp-content\/uploads\/2025\/07\/Minigolf-1-495x400.jpg' class='lightbox ' data-onclick='9' title='Minigolf 1'  itemprop=\"thumbnailUrl\"  ><img class=\"wp-image-8915 avia-img-lazy-loading-not-8915\"   src=\"https:\/\/www.fcschwand.de\/wp-content\/uploads\/2025\/07\/Minigolf-1-495x400.jpg\" width=\"495\" height=\"400\"  title='Minigolf 1' alt='' srcset=\"https:\/\/www.fcschwand.de\/wp-content\/uploads\/2025\/07\/Minigolf-1-495x400.jpg 495w, https:\/\/www.fcschwand.de\/wp-content\/uploads\/2025\/07\/Minigolf-1-845x684.jpg 845w\" sizes=\"(max-width: 495px) 100vw, 495px\" \/><\/a> <a href='https:\/\/www.fcschwand.de\/wp-content\/uploads\/2025\/07\/Poi-Betreuerinnen-1030x773.jpg' data-rel='gallery-1' data-prev-img='https:\/\/www.fcschwand.de\/wp-content\/uploads\/2025\/07\/Poi-Betreuerinnen-495x400.jpg' class='lightbox ' data-onclick='10' title='Poi Betreuerinnen'  itemprop=\"thumbnailUrl\"  ><img class=\"wp-image-8916 avia-img-lazy-loading-not-8916\"   src=\"https:\/\/www.fcschwand.de\/wp-content\/uploads\/2025\/07\/Poi-Betreuerinnen-495x400.jpg\" width=\"495\" height=\"400\"  title='Poi Betreuerinnen' alt='' srcset=\"https:\/\/www.fcschwand.de\/wp-content\/uploads\/2025\/07\/Poi-Betreuerinnen-495x400.jpg 495w, https:\/\/www.fcschwand.de\/wp-content\/uploads\/2025\/07\/Poi-Betreuerinnen-845x684.jpg 845w\" sizes=\"(max-width: 495px) 100vw, 495px\" \/><\/a> <a href='https:\/\/www.fcschwand.de\/wp-content\/uploads\/2025\/07\/Poi-1030x773.jpg' data-rel='gallery-1' data-prev-img='https:\/\/www.fcschwand.de\/wp-content\/uploads\/2025\/07\/Poi-495x400.jpg' class='first_thumb lightbox ' data-onclick='11' title='Poi'  itemprop=\"thumbnailUrl\"  ><img class=\"wp-image-8917 avia-img-lazy-loading-not-8917\"   src=\"https:\/\/www.fcschwand.de\/wp-content\/uploads\/2025\/07\/Poi-495x400.jpg\" width=\"495\" height=\"400\"  title='Poi' alt='' srcset=\"https:\/\/www.fcschwand.de\/wp-content\/uploads\/2025\/07\/Poi-495x400.jpg 495w, https:\/\/www.fcschwand.de\/wp-content\/uploads\/2025\/07\/Poi-845x684.jpg 845w\" sizes=\"(max-width: 495px) 100vw, 495px\" \/><\/a><\/div><\/div><\/p><\/div>\n","protected":false},"excerpt":{"rendered":"","protected":false},"author":7,"featured_media":8913,"comment_status":"open","ping_status":"closed","sticky":false,"template":"","format":"standard","meta":[],"categories":[52,14],"tags":[],"yoast_head":"<!-- This site is optimized with the Yoast SEO plugin v15.9.2 - https:\/\/yoast.com\/wordpress\/plugins\/seo\/ -->\n<title>Tag der Vereine an der Grundschule Schwanstetten - 1.FC Schwand<\/title>\n<meta property=\"og:locale\" content=\"de_DE\" \/>\n<meta property=\"og:type\" content=\"article\" \/>\n<meta property=\"og:title\" content=\"Tag der Vereine an der Grundschule Schwanstetten - 1.FC Schwand\" \/>\n<meta property=\"og:url\" content=\"https:\/\/www.fcschwand.de\/home\/2025\/05\/25\/tag-der-vereine-an-der-grundschule-schwanstetten\/\" \/>\n<meta property=\"og:site_name\" content=\"1.FC Schwand\" \/>\n<meta property=\"article:published_time\" content=\"2025-05-25T14:47:29+00:00\" \/>\n<meta property=\"article:modified_time\" content=\"2025-07-21T14:47:50+00:00\" \/>\n<meta property=\"og:image\" content=\"https:\/\/www.fcschwand.de\/wp-content\/uploads\/2025\/07\/Helferteam.jpg\" \/>\n\t<meta property=\"og:image:width\" content=\"2000\" \/>\n\t<meta property=\"og:image:height\" content=\"1500\" \/>\n<meta name=\"twitter:card\" content=\"summary\" \/>\n<script type=\"application\/ld+json\" class=\"yoast-schema-graph\">{\"@context\":\"https:\/\/schema.org\",\"@graph\":[{\"@type\":\"WebSite\",\"@id\":\"https:\/\/www.fcschwand.de\/home\/#website\",\"url\":\"https:\/\/www.fcschwand.de\/home\/\",\"name\":\"1.FC Schwand\",\"description\":\"Sport aus Leidenschaft\",\"potentialAction\":[{\"@type\":\"SearchAction\",\"target\":\"https:\/\/www.fcschwand.de\/home\/?s={search_term_string}\",\"query-input\":\"required name=search_term_string\"}],\"inLanguage\":\"de\"},{\"@type\":\"ImageObject\",\"@id\":\"https:\/\/www.fcschwand.de\/home\/2025\/05\/25\/tag-der-vereine-an-der-grundschule-schwanstetten\/#primaryimage\",\"inLanguage\":\"de\",\"url\":\"https:\/\/www.fcschwand.de\/wp-content\/uploads\/2025\/07\/Helferteam.jpg\",\"width\":2000,\"height\":1500},{\"@type\":\"WebPage\",\"@id\":\"https:\/\/www.fcschwand.de\/home\/2025\/05\/25\/tag-der-vereine-an-der-grundschule-schwanstetten\/#webpage\",\"url\":\"https:\/\/www.fcschwand.de\/home\/2025\/05\/25\/tag-der-vereine-an-der-grundschule-schwanstetten\/\",\"name\":\"Tag der Vereine an der Grundschule Schwanstetten - 1.FC Schwand\",\"isPartOf\":{\"@id\":\"https:\/\/www.fcschwand.de\/home\/#website\"},\"primaryImageOfPage\":{\"@id\":\"https:\/\/www.fcschwand.de\/home\/2025\/05\/25\/tag-der-vereine-an-der-grundschule-schwanstetten\/#primaryimage\"},\"datePublished\":\"2025-05-25T14:47:29+00:00\",\"dateModified\":\"2025-07-21T14:47:50+00:00\",\"author\":{\"@id\":\"https:\/\/www.fcschwand.de\/home\/#\/schema\/person\/ddb7a2b5d26609759a85b75a74d0c60d\"},\"breadcrumb\":{\"@id\":\"https:\/\/www.fcschwand.de\/home\/2025\/05\/25\/tag-der-vereine-an-der-grundschule-schwanstetten\/#breadcrumb\"},\"inLanguage\":\"de\",\"potentialAction\":[{\"@type\":\"ReadAction\",\"target\":[\"https:\/\/www.fcschwand.de\/home\/2025\/05\/25\/tag-der-vereine-an-der-grundschule-schwanstetten\/\"]}]},{\"@type\":\"BreadcrumbList\",\"@id\":\"https:\/\/www.fcschwand.de\/home\/2025\/05\/25\/tag-der-vereine-an-der-grundschule-schwanstetten\/#breadcrumb\",\"itemListElement\":[{\"@type\":\"ListItem\",\"position\":1,\"item\":{\"@type\":\"WebPage\",\"@id\":\"https:\/\/www.fcschwand.de\/home\/1-fc-schwand-sportverein-2\/\",\"url\":\"https:\/\/www.fcschwand.de\/home\/1-fc-schwand-sportverein-2\/\",\"name\":\"Startseite\"}},{\"@type\":\"ListItem\",\"position\":2,\"item\":{\"@type\":\"WebPage\",\"@id\":\"https:\/\/www.fcschwand.de\/home\/2025\/05\/25\/tag-der-vereine-an-der-grundschule-schwanstetten\/\",\"url\":\"https:\/\/www.fcschwand.de\/home\/2025\/05\/25\/tag-der-vereine-an-der-grundschule-schwanstetten\/\",\"name\":\"Tag der Vereine an der Grundschule Schwanstetten\"}}]},{\"@type\":\"Person\",\"@id\":\"https:\/\/www.fcschwand.de\/home\/#\/schema\/person\/ddb7a2b5d26609759a85b75a74d0c60d\",\"name\":\"AlexHeinz\"}]}<\/script>\n<!-- \/ Yoast SEO plugin. -->","_links":{"self":[{"href":"https:\/\/www.fcschwand.de\/home\/wp-json\/wp\/v2\/posts\/8906"}],"collection":[{"href":"https:\/\/www.fcschwand.de\/home\/wp-json\/wp\/v2\/posts"}],"about":[{"href":"https:\/\/www.fcschwand.de\/home\/wp-json\/wp\/v2\/types\/post"}],"author":[{"embeddable":true,"href":"https:\/\/www.fcschwand.de\/home\/wp-json\/wp\/v2\/users\/7"}],"replies":[{"embeddable":true,"href":"https:\/\/www.fcschwand.de\/home\/wp-json\/wp\/v2\/comments?post=8906"}],"version-history":[{"count":2,"href":"https:\/\/www.fcschwand.de\/home\/wp-json\/wp\/v2\/posts\/8906\/revisions"}],"predecessor-version":[{"id":8919,"href":"https:\/\/www.fcschwand.de\/home\/wp-json\/wp\/v2\/posts\/8906\/revisions\/8919"}],"wp:featuredmedia":[{"embeddable":true,"href":"https:\/\/www.fcschwand.de\/home\/wp-json\/wp\/v2\/media\/8913"}],"wp:attachment":[{"href":"https:\/\/www.fcschwand.de\/home\/wp-json\/wp\/v2\/media?parent=8906"}],"wp:term":[{"taxonomy":"category","embeddable":true,"href":"https:\/\/www.fcschwand.de\/home\/wp-json\/wp\/v2\/categories?post=8906"},{"taxonomy":"post_tag","embeddable":true,"href":"https:\/\/www.fcschwand.de\/home\/wp-json\/wp\/v2\/tags?post=8906"}],"curies":[{"name":"wp","href":"https:\/\/api.w.org\/{rel}","templated":true}]}}