{"id":8875,"date":"2025-05-26T16:33:49","date_gmt":"2025-05-26T14:33:49","guid":{"rendered":"https:\/\/www.fcschwand.de\/home\/?p=8875"},"modified":"2025-07-21T16:48:29","modified_gmt":"2025-07-21T14:48:29","slug":"trainingslager-akrobatik","status":"publish","type":"post","link":"https:\/\/www.fcschwand.de\/home\/2025\/05\/26\/trainingslager-akrobatik\/","title":{"rendered":"Trainingslager Akrobatik"},"content":{"rendered":"<div class=\"flex_column av_one_full  flex_column_div av-zero-column-padding first  avia-builder-el-0  avia-builder-el-no-sibling  \" style='border-radius:0px; '><section class=\"av_textblock_section \"  itemscope=\"itemscope\" itemtype=\"https:\/\/schema.org\/BlogPosting\" itemprop=\"blogPost\" ><div class='avia_textblock  '   itemprop=\"text\" ><h3>Ein schlafloses Wochenende\u2026. oder Trainingslager!<\/h3>\n<p>Ein aufregendes Wochenende stand f\u00fcr die Akrobatik Gruppe an.<\/p>\n<p>Vom 24.5. &#8211; 25.5.2025 fand das allj\u00e4hrliche Trainingslager mit \u00dcbernachtung statt.<\/p>\n<p>Am Samstag um 9 Uhr traf man sich im Sportheim des 1. FC Schwand mit Sack und Pack und (ganz wichtig!) ausreichend Proviant.<\/p>\n<p>Das Trainerteam war vorbereitet und Cheftrainerin Saskia Papenfu\u00df hat sich wieder viel einfallen lassen, um die Gruppe fit zu machen f\u00fcr die neue Choreographie.<\/p>\n<p>Der Vormittag war ausgef\u00fcllt mit Step-Aerobik und Teambuilding u.a. mit einem sehr interessanten Parcours. Nach einem umfangreichen Mittagsbuffet, ging es weiter mit Kraft- und Konditionstraining, sowie dehnen \u2013 dehnen \u2013 dehnen. Neue Hebungen wurden ausprobiert, die neue Musik vorgestellt und die ersten Schritte einge\u00fcbt.<\/p>\n<p>Gegen 18 Uhr hie\u00df es dann: Cool down! Jogginghose an, Abendessen und Matratzenlager aufschlagen. Spiele wurden gespielt, Popkorn zubereitet und Kinoabend!<\/p>\n<p>Um 22 Uhr wurde es dunkel im Saal und schlafen war angesagt. So der Plan, aber leises Gekichere war noch bis halb Zw\u00f6lf zu h\u00f6ren, dann war auch der Letzte m\u00fcde und es wurde still.<\/p>\n<p>Nach einer kurzen schlaflosen Nacht &#8211; zumindest f\u00fcr die anwesenden Betreuerinnen \u2013 ging es nach dem Fr\u00fchst\u00fcck munter weiter mit dem Training. Hier und da zeigte sich ein wenig Muskelkater, aber das wurde gekonnt ignoriert. Um 15 Uhr hie\u00df es dann Feierabend!<\/p>\n<p>Alles \u2013 nun ja fast alles \u2013 wurde wieder eingepackt, man verabschiedet sich und es ging ab nach Hause \u2013 Ziel: die Couch!<\/p>\n<p>Danke sagen wir an alle M\u00e4dels, ihr wart klasse und habt toll durchgehalten.<\/p>\n<p>Danke f\u00fcr die zahlreichen Spenden in Form von Salaten, Kuchen, Gem\u00fcsesticks, Knabbereien etc.,<\/p>\n<p>sie haben uns das \u00dcberleben am WE gesichert.<\/p>\n<p>Es hat viel Spa\u00df gemacht und wir werden es sicher wiederholen!<\/p>\n<\/div><\/section><br \/>\n<div  class='avia-gallery  avia-gallery-1 avia_lazyload avia-gallery-animate avia_animate_when_visible  avia-builder-el-2  el_after_av_textblock  avia-builder-el-last '  itemprop=\"image\" itemscope=\"itemscope\" itemtype=\"https:\/\/schema.org\/ImageObject\" ><div class='avia-gallery-thumb'> <a href='https:\/\/www.fcschwand.de\/wp-content\/uploads\/2025\/07\/Aufstellungen-1030x773.jpg' data-rel='gallery-1' data-prev-img='https:\/\/www.fcschwand.de\/wp-content\/uploads\/2025\/07\/Aufstellungen-495x400.jpg' class='first_thumb lightbox ' data-onclick='1' title='Aufstellungen'  itemprop=\"thumbnailUrl\"  ><img class=\"wp-image-8876 avia-img-lazy-loading-not-8876\"   src=\"https:\/\/www.fcschwand.de\/wp-content\/uploads\/2025\/07\/Aufstellungen-495x400.jpg\" width=\"495\" height=\"400\"  title='Aufstellungen' alt='' srcset=\"https:\/\/www.fcschwand.de\/wp-content\/uploads\/2025\/07\/Aufstellungen-495x400.jpg 495w, https:\/\/www.fcschwand.de\/wp-content\/uploads\/2025\/07\/Aufstellungen-845x684.jpg 845w\" sizes=\"(max-width: 495px) 100vw, 495px\" \/><\/a> <a href='https:\/\/www.fcschwand.de\/wp-content\/uploads\/2025\/07\/Balance-Saskia-773x1030.jpg' data-rel='gallery-1' data-prev-img='https:\/\/www.fcschwand.de\/wp-content\/uploads\/2025\/07\/Balance-Saskia-495x400.jpg' class='lightbox ' data-onclick='2' title='Balance Saskia'  itemprop=\"thumbnailUrl\"  ><img class=\"wp-image-8877 avia-img-lazy-loading-not-8877\"   src=\"https:\/\/www.fcschwand.de\/wp-content\/uploads\/2025\/07\/Balance-Saskia-495x400.jpg\" width=\"495\" height=\"400\"  title='Balance Saskia' alt='' srcset=\"https:\/\/www.fcschwand.de\/wp-content\/uploads\/2025\/07\/Balance-Saskia-495x400.jpg 495w, https:\/\/www.fcschwand.de\/wp-content\/uploads\/2025\/07\/Balance-Saskia-845x684.jpg 845w\" sizes=\"(max-width: 495px) 100vw, 495px\" \/><\/a> <a href='https:\/\/www.fcschwand.de\/wp-content\/uploads\/2025\/07\/Blinde-Kuh-2-1030x773.jpg' data-rel='gallery-1' data-prev-img='https:\/\/www.fcschwand.de\/wp-content\/uploads\/2025\/07\/Blinde-Kuh-2-495x400.jpg' class='lightbox ' data-onclick='3' title='Blinde Kuh 2'  itemprop=\"thumbnailUrl\"  ><img class=\"wp-image-8878 avia-img-lazy-loading-not-8878\"   src=\"https:\/\/www.fcschwand.de\/wp-content\/uploads\/2025\/07\/Blinde-Kuh-2-495x400.jpg\" width=\"495\" height=\"400\"  title='Blinde Kuh 2' alt='' srcset=\"https:\/\/www.fcschwand.de\/wp-content\/uploads\/2025\/07\/Blinde-Kuh-2-495x400.jpg 495w, https:\/\/www.fcschwand.de\/wp-content\/uploads\/2025\/07\/Blinde-Kuh-2-845x684.jpg 845w\" sizes=\"(max-width: 495px) 100vw, 495px\" \/><\/a> <a href='https:\/\/www.fcschwand.de\/wp-content\/uploads\/2025\/07\/Blinde-Kuh-1030x773.jpg' data-rel='gallery-1' data-prev-img='https:\/\/www.fcschwand.de\/wp-content\/uploads\/2025\/07\/Blinde-Kuh-495x400.jpg' class='lightbox ' data-onclick='4' title='Blinde Kuh'  itemprop=\"thumbnailUrl\"  ><img class=\"wp-image-8879 avia-img-lazy-loading-not-8879\"   src=\"https:\/\/www.fcschwand.de\/wp-content\/uploads\/2025\/07\/Blinde-Kuh-495x400.jpg\" width=\"495\" height=\"400\"  title='Blinde Kuh' alt='' srcset=\"https:\/\/www.fcschwand.de\/wp-content\/uploads\/2025\/07\/Blinde-Kuh-495x400.jpg 495w, https:\/\/www.fcschwand.de\/wp-content\/uploads\/2025\/07\/Blinde-Kuh-845x684.jpg 845w\" sizes=\"(max-width: 495px) 100vw, 495px\" \/><\/a> <a href='https:\/\/www.fcschwand.de\/wp-content\/uploads\/2025\/07\/Choreo-und-viele-Fragezeichen-1030x773.jpg' data-rel='gallery-1' data-prev-img='https:\/\/www.fcschwand.de\/wp-content\/uploads\/2025\/07\/Choreo-und-viele-Fragezeichen-495x400.jpg' class='lightbox ' data-onclick='5' title='Choreo und viele Fragezeichen'  itemprop=\"thumbnailUrl\"  ><img class=\"wp-image-8880 avia-img-lazy-loading-not-8880\"   src=\"https:\/\/www.fcschwand.de\/wp-content\/uploads\/2025\/07\/Choreo-und-viele-Fragezeichen-495x400.jpg\" width=\"495\" height=\"400\"  title='Choreo und viele Fragezeichen' alt='' srcset=\"https:\/\/www.fcschwand.de\/wp-content\/uploads\/2025\/07\/Choreo-und-viele-Fragezeichen-495x400.jpg 495w, https:\/\/www.fcschwand.de\/wp-content\/uploads\/2025\/07\/Choreo-und-viele-Fragezeichen-845x684.jpg 845w\" sizes=\"(max-width: 495px) 100vw, 495px\" \/><\/a> <a href='https:\/\/www.fcschwand.de\/wp-content\/uploads\/2025\/07\/Dehnen-2-773x1030.jpg' data-rel='gallery-1' data-prev-img='https:\/\/www.fcschwand.de\/wp-content\/uploads\/2025\/07\/Dehnen-2-495x400.jpg' class='first_thumb lightbox ' data-onclick='6' title='Dehnen 2'  itemprop=\"thumbnailUrl\"  ><img class=\"wp-image-8881 avia-img-lazy-loading-not-8881\"   src=\"https:\/\/www.fcschwand.de\/wp-content\/uploads\/2025\/07\/Dehnen-2-495x400.jpg\" width=\"495\" height=\"400\"  title='Dehnen 2' alt='' srcset=\"https:\/\/www.fcschwand.de\/wp-content\/uploads\/2025\/07\/Dehnen-2-495x400.jpg 495w, https:\/\/www.fcschwand.de\/wp-content\/uploads\/2025\/07\/Dehnen-2-845x684.jpg 845w\" sizes=\"(max-width: 495px) 100vw, 495px\" \/><\/a> <a href='https:\/\/www.fcschwand.de\/wp-content\/uploads\/2025\/07\/Dehnen-1030x773.jpg' data-rel='gallery-1' data-prev-img='https:\/\/www.fcschwand.de\/wp-content\/uploads\/2025\/07\/Dehnen-495x400.jpg' class='lightbox ' data-onclick='7' title='Dehnen'  itemprop=\"thumbnailUrl\"  ><img class=\"wp-image-8882 avia-img-lazy-loading-not-8882\"   src=\"https:\/\/www.fcschwand.de\/wp-content\/uploads\/2025\/07\/Dehnen-495x400.jpg\" width=\"495\" height=\"400\"  title='Dehnen' alt='' srcset=\"https:\/\/www.fcschwand.de\/wp-content\/uploads\/2025\/07\/Dehnen-495x400.jpg 495w, https:\/\/www.fcschwand.de\/wp-content\/uploads\/2025\/07\/Dehnen-845x684.jpg 845w\" sizes=\"(max-width: 495px) 100vw, 495px\" \/><\/a> <a href='https:\/\/www.fcschwand.de\/wp-content\/uploads\/2025\/07\/Ende.jpg' data-rel='gallery-1' data-prev-img='https:\/\/www.fcschwand.de\/wp-content\/uploads\/2025\/07\/Ende-495x400.jpg' class='lightbox ' data-onclick='8' title='Ende'  itemprop=\"thumbnailUrl\"  ><img class=\"wp-image-8883 avia-img-lazy-loading-not-8883\"   src=\"https:\/\/www.fcschwand.de\/wp-content\/uploads\/2025\/07\/Ende-495x400.jpg\" width=\"495\" height=\"400\"  title='Ende' alt='' \/><\/a> <a href='https:\/\/www.fcschwand.de\/wp-content\/uploads\/2025\/07\/Essen-1-773x1030.jpg' data-rel='gallery-1' data-prev-img='https:\/\/www.fcschwand.de\/wp-content\/uploads\/2025\/07\/Essen-1-495x400.jpg' class='lightbox ' data-onclick='9' title='Essen 1'  itemprop=\"thumbnailUrl\"  ><img class=\"wp-image-8884 avia-img-lazy-loading-not-8884\"   src=\"https:\/\/www.fcschwand.de\/wp-content\/uploads\/2025\/07\/Essen-1-495x400.jpg\" width=\"495\" height=\"400\"  title='Essen 1' alt='' srcset=\"https:\/\/www.fcschwand.de\/wp-content\/uploads\/2025\/07\/Essen-1-495x400.jpg 495w, https:\/\/www.fcschwand.de\/wp-content\/uploads\/2025\/07\/Essen-1-845x684.jpg 845w\" sizes=\"(max-width: 495px) 100vw, 495px\" \/><\/a> <a href='https:\/\/www.fcschwand.de\/wp-content\/uploads\/2025\/07\/Essen-2-773x1030.jpg' data-rel='gallery-1' data-prev-img='https:\/\/www.fcschwand.de\/wp-content\/uploads\/2025\/07\/Essen-2-495x400.jpg' class='lightbox ' data-onclick='10' title='Essen 2'  itemprop=\"thumbnailUrl\"  ><img class=\"wp-image-8885 avia-img-lazy-loading-not-8885\"   src=\"https:\/\/www.fcschwand.de\/wp-content\/uploads\/2025\/07\/Essen-2-495x400.jpg\" width=\"495\" height=\"400\"  title='Essen 2' alt='' srcset=\"https:\/\/www.fcschwand.de\/wp-content\/uploads\/2025\/07\/Essen-2-495x400.jpg 495w, https:\/\/www.fcschwand.de\/wp-content\/uploads\/2025\/07\/Essen-2-845x684.jpg 845w\" sizes=\"(max-width: 495px) 100vw, 495px\" \/><\/a> <a href='https:\/\/www.fcschwand.de\/wp-content\/uploads\/2025\/07\/Essen-3-773x1030.jpg' data-rel='gallery-1' data-prev-img='https:\/\/www.fcschwand.de\/wp-content\/uploads\/2025\/07\/Essen-3-495x400.jpg' class='first_thumb lightbox ' data-onclick='11' title='Essen 3'  itemprop=\"thumbnailUrl\"  ><img class=\"wp-image-8886 avia-img-lazy-loading-not-8886\"   src=\"https:\/\/www.fcschwand.de\/wp-content\/uploads\/2025\/07\/Essen-3-495x400.jpg\" width=\"495\" height=\"400\"  title='Essen 3' alt='' srcset=\"https:\/\/www.fcschwand.de\/wp-content\/uploads\/2025\/07\/Essen-3-495x400.jpg 495w, https:\/\/www.fcschwand.de\/wp-content\/uploads\/2025\/07\/Essen-3-845x684.jpg 845w\" sizes=\"(max-width: 495px) 100vw, 495px\" \/><\/a> <a href='https:\/\/www.fcschwand.de\/wp-content\/uploads\/2025\/07\/Essen-4-1030x773.jpg' data-rel='gallery-1' data-prev-img='https:\/\/www.fcschwand.de\/wp-content\/uploads\/2025\/07\/Essen-4-495x400.jpg' class='lightbox ' data-onclick='12' title='Essen 4'  itemprop=\"thumbnailUrl\"  ><img class=\"wp-image-8887 avia-img-lazy-loading-not-8887\"   src=\"https:\/\/www.fcschwand.de\/wp-content\/uploads\/2025\/07\/Essen-4-495x400.jpg\" width=\"495\" height=\"400\"  title='Essen 4' alt='' srcset=\"https:\/\/www.fcschwand.de\/wp-content\/uploads\/2025\/07\/Essen-4-495x400.jpg 495w, https:\/\/www.fcschwand.de\/wp-content\/uploads\/2025\/07\/Essen-4-845x684.jpg 845w\" sizes=\"(max-width: 495px) 100vw, 495px\" \/><\/a> <a href='https:\/\/www.fcschwand.de\/wp-content\/uploads\/2025\/07\/Gruppenbild-1030x773.jpg' data-rel='gallery-1' data-prev-img='https:\/\/www.fcschwand.de\/wp-content\/uploads\/2025\/07\/Gruppenbild-495x400.jpg' class='lightbox ' data-onclick='13' title='Gruppenbild'  itemprop=\"thumbnailUrl\"  ><img class=\"wp-image-8888 avia-img-lazy-loading-not-8888\"   src=\"https:\/\/www.fcschwand.de\/wp-content\/uploads\/2025\/07\/Gruppenbild-495x400.jpg\" width=\"495\" height=\"400\"  title='Gruppenbild' alt='' srcset=\"https:\/\/www.fcschwand.de\/wp-content\/uploads\/2025\/07\/Gruppenbild-495x400.jpg 495w, https:\/\/www.fcschwand.de\/wp-content\/uploads\/2025\/07\/Gruppenbild-845x684.jpg 845w\" sizes=\"(max-width: 495px) 100vw, 495px\" \/><\/a> <a href='https:\/\/www.fcschwand.de\/wp-content\/uploads\/2025\/07\/Krafttraining-1030x773.jpg' data-rel='gallery-1' data-prev-img='https:\/\/www.fcschwand.de\/wp-content\/uploads\/2025\/07\/Krafttraining-495x400.jpg' class='lightbox ' data-onclick='14' title='Krafttraining'  itemprop=\"thumbnailUrl\"  ><img class=\"wp-image-8889 avia-img-lazy-loading-not-8889\"   src=\"https:\/\/www.fcschwand.de\/wp-content\/uploads\/2025\/07\/Krafttraining-495x400.jpg\" width=\"495\" height=\"400\"  title='Krafttraining' alt='' srcset=\"https:\/\/www.fcschwand.de\/wp-content\/uploads\/2025\/07\/Krafttraining-495x400.jpg 495w, https:\/\/www.fcschwand.de\/wp-content\/uploads\/2025\/07\/Krafttraining-845x684.jpg 845w\" sizes=\"(max-width: 495px) 100vw, 495px\" \/><\/a> <a href='https:\/\/www.fcschwand.de\/wp-content\/uploads\/2025\/07\/Lets-Puzzle-1030x773.jpg' data-rel='gallery-1' data-prev-img='https:\/\/www.fcschwand.de\/wp-content\/uploads\/2025\/07\/Lets-Puzzle-495x400.jpg' class='lightbox ' data-onclick='15' title='Lets Puzzle'  itemprop=\"thumbnailUrl\"  ><img class=\"wp-image-8890 avia-img-lazy-loading-not-8890\"   src=\"https:\/\/www.fcschwand.de\/wp-content\/uploads\/2025\/07\/Lets-Puzzle-495x400.jpg\" width=\"495\" height=\"400\"  title='Lets Puzzle' alt='' srcset=\"https:\/\/www.fcschwand.de\/wp-content\/uploads\/2025\/07\/Lets-Puzzle-495x400.jpg 495w, https:\/\/www.fcschwand.de\/wp-content\/uploads\/2025\/07\/Lets-Puzzle-845x684.jpg 845w\" sizes=\"(max-width: 495px) 100vw, 495px\" \/><\/a> <a href='https:\/\/www.fcschwand.de\/wp-content\/uploads\/2025\/07\/Matrazenlager2-1030x773.jpg' data-rel='gallery-1' data-prev-img='https:\/\/www.fcschwand.de\/wp-content\/uploads\/2025\/07\/Matrazenlager2-495x400.jpg' class='first_thumb lightbox ' data-onclick='16' title='Matrazenlager2'  itemprop=\"thumbnailUrl\"  ><img class=\"wp-image-8891 avia-img-lazy-loading-not-8891\"   src=\"https:\/\/www.fcschwand.de\/wp-content\/uploads\/2025\/07\/Matrazenlager2-495x400.jpg\" width=\"495\" height=\"400\"  title='Matrazenlager2' alt='' srcset=\"https:\/\/www.fcschwand.de\/wp-content\/uploads\/2025\/07\/Matrazenlager2-495x400.jpg 495w, https:\/\/www.fcschwand.de\/wp-content\/uploads\/2025\/07\/Matrazenlager2-845x684.jpg 845w\" sizes=\"(max-width: 495px) 100vw, 495px\" \/><\/a> <a href='https:\/\/www.fcschwand.de\/wp-content\/uploads\/2025\/07\/Teambuilding-1030x773.jpg' data-rel='gallery-1' data-prev-img='https:\/\/www.fcschwand.de\/wp-content\/uploads\/2025\/07\/Teambuilding-495x400.jpg' class='lightbox ' data-onclick='17' title='Teambuilding'  itemprop=\"thumbnailUrl\"  ><img class=\"wp-image-8892 avia-img-lazy-loading-not-8892\"   src=\"https:\/\/www.fcschwand.de\/wp-content\/uploads\/2025\/07\/Teambuilding-495x400.jpg\" width=\"495\" height=\"400\"  title='Teambuilding' alt='' srcset=\"https:\/\/www.fcschwand.de\/wp-content\/uploads\/2025\/07\/Teambuilding-495x400.jpg 495w, https:\/\/www.fcschwand.de\/wp-content\/uploads\/2025\/07\/Teambuilding-845x684.jpg 845w\" sizes=\"(max-width: 495px) 100vw, 495px\" \/><\/a> <a href='https:\/\/www.fcschwand.de\/wp-content\/uploads\/2025\/07\/Wir-haben-Spass-773x1030.jpg' data-rel='gallery-1' data-prev-img='https:\/\/www.fcschwand.de\/wp-content\/uploads\/2025\/07\/Wir-haben-Spass-495x400.jpg' class='lightbox ' data-onclick='18' title='Wir haben Spa\u00df'  itemprop=\"thumbnailUrl\"  ><img class=\"wp-image-8893 avia-img-lazy-loading-not-8893\"   src=\"https:\/\/www.fcschwand.de\/wp-content\/uploads\/2025\/07\/Wir-haben-Spass-495x400.jpg\" width=\"495\" height=\"400\"  title='Wir haben Spa\u00df' alt='' srcset=\"https:\/\/www.fcschwand.de\/wp-content\/uploads\/2025\/07\/Wir-haben-Spass-495x400.jpg 495w, https:\/\/www.fcschwand.de\/wp-content\/uploads\/2025\/07\/Wir-haben-Spass-845x684.jpg 845w\" sizes=\"(max-width: 495px) 100vw, 495px\" \/><\/a><\/div><\/div><\/p><\/div>\n","protected":false},"excerpt":{"rendered":"","protected":false},"author":7,"featured_media":8892,"comment_status":"open","ping_status":"closed","sticky":false,"template":"","format":"standard","meta":[],"categories":[52,14,44],"tags":[],"yoast_head":"<!-- This site is optimized with the Yoast SEO plugin v15.9.2 - https:\/\/yoast.com\/wordpress\/plugins\/seo\/ -->\n<title>Trainingslager Akrobatik - 1.FC Schwand<\/title>\n<meta property=\"og:locale\" content=\"de_DE\" \/>\n<meta property=\"og:type\" content=\"article\" \/>\n<meta property=\"og:title\" content=\"Trainingslager Akrobatik - 1.FC Schwand\" \/>\n<meta property=\"og:url\" content=\"https:\/\/www.fcschwand.de\/home\/2025\/05\/26\/trainingslager-akrobatik\/\" \/>\n<meta property=\"og:site_name\" content=\"1.FC Schwand\" \/>\n<meta property=\"article:published_time\" content=\"2025-05-26T14:33:49+00:00\" \/>\n<meta property=\"article:modified_time\" content=\"2025-07-21T14:48:29+00:00\" \/>\n<meta property=\"og:image\" content=\"https:\/\/www.fcschwand.de\/wp-content\/uploads\/2025\/07\/Teambuilding.jpg\" \/>\n\t<meta property=\"og:image:width\" content=\"2016\" \/>\n\t<meta property=\"og:image:height\" content=\"1512\" \/>\n<meta name=\"twitter:card\" content=\"summary\" \/>\n<meta name=\"twitter:label1\" content=\"Gesch\u00e4tzte Lesezeit\">\n\t<meta name=\"twitter:data1\" content=\"1\u00a0Minute\">\n<script type=\"application\/ld+json\" class=\"yoast-schema-graph\">{\"@context\":\"https:\/\/schema.org\",\"@graph\":[{\"@type\":\"WebSite\",\"@id\":\"https:\/\/www.fcschwand.de\/home\/#website\",\"url\":\"https:\/\/www.fcschwand.de\/home\/\",\"name\":\"1.FC Schwand\",\"description\":\"Sport aus Leidenschaft\",\"potentialAction\":[{\"@type\":\"SearchAction\",\"target\":\"https:\/\/www.fcschwand.de\/home\/?s={search_term_string}\",\"query-input\":\"required name=search_term_string\"}],\"inLanguage\":\"de\"},{\"@type\":\"ImageObject\",\"@id\":\"https:\/\/www.fcschwand.de\/home\/2025\/05\/26\/trainingslager-akrobatik\/#primaryimage\",\"inLanguage\":\"de\",\"url\":\"https:\/\/www.fcschwand.de\/wp-content\/uploads\/2025\/07\/Teambuilding.jpg\",\"width\":2016,\"height\":1512},{\"@type\":\"WebPage\",\"@id\":\"https:\/\/www.fcschwand.de\/home\/2025\/05\/26\/trainingslager-akrobatik\/#webpage\",\"url\":\"https:\/\/www.fcschwand.de\/home\/2025\/05\/26\/trainingslager-akrobatik\/\",\"name\":\"Trainingslager Akrobatik - 1.FC Schwand\",\"isPartOf\":{\"@id\":\"https:\/\/www.fcschwand.de\/home\/#website\"},\"primaryImageOfPage\":{\"@id\":\"https:\/\/www.fcschwand.de\/home\/2025\/05\/26\/trainingslager-akrobatik\/#primaryimage\"},\"datePublished\":\"2025-05-26T14:33:49+00:00\",\"dateModified\":\"2025-07-21T14:48:29+00:00\",\"author\":{\"@id\":\"https:\/\/www.fcschwand.de\/home\/#\/schema\/person\/ddb7a2b5d26609759a85b75a74d0c60d\"},\"breadcrumb\":{\"@id\":\"https:\/\/www.fcschwand.de\/home\/2025\/05\/26\/trainingslager-akrobatik\/#breadcrumb\"},\"inLanguage\":\"de\",\"potentialAction\":[{\"@type\":\"ReadAction\",\"target\":[\"https:\/\/www.fcschwand.de\/home\/2025\/05\/26\/trainingslager-akrobatik\/\"]}]},{\"@type\":\"BreadcrumbList\",\"@id\":\"https:\/\/www.fcschwand.de\/home\/2025\/05\/26\/trainingslager-akrobatik\/#breadcrumb\",\"itemListElement\":[{\"@type\":\"ListItem\",\"position\":1,\"item\":{\"@type\":\"WebPage\",\"@id\":\"https:\/\/www.fcschwand.de\/home\/1-fc-schwand-sportverein-2\/\",\"url\":\"https:\/\/www.fcschwand.de\/home\/1-fc-schwand-sportverein-2\/\",\"name\":\"Startseite\"}},{\"@type\":\"ListItem\",\"position\":2,\"item\":{\"@type\":\"WebPage\",\"@id\":\"https:\/\/www.fcschwand.de\/home\/2025\/05\/26\/trainingslager-akrobatik\/\",\"url\":\"https:\/\/www.fcschwand.de\/home\/2025\/05\/26\/trainingslager-akrobatik\/\",\"name\":\"Trainingslager Akrobatik\"}}]},{\"@type\":\"Person\",\"@id\":\"https:\/\/www.fcschwand.de\/home\/#\/schema\/person\/ddb7a2b5d26609759a85b75a74d0c60d\",\"name\":\"AlexHeinz\"}]}<\/script>\n<!-- \/ Yoast SEO plugin. -->","_links":{"self":[{"href":"https:\/\/www.fcschwand.de\/home\/wp-json\/wp\/v2\/posts\/8875"}],"collection":[{"href":"https:\/\/www.fcschwand.de\/home\/wp-json\/wp\/v2\/posts"}],"about":[{"href":"https:\/\/www.fcschwand.de\/home\/wp-json\/wp\/v2\/types\/post"}],"author":[{"embeddable":true,"href":"https:\/\/www.fcschwand.de\/home\/wp-json\/wp\/v2\/users\/7"}],"replies":[{"embeddable":true,"href":"https:\/\/www.fcschwand.de\/home\/wp-json\/wp\/v2\/comments?post=8875"}],"version-history":[{"count":2,"href":"https:\/\/www.fcschwand.de\/home\/wp-json\/wp\/v2\/posts\/8875\/revisions"}],"predecessor-version":[{"id":8920,"href":"https:\/\/www.fcschwand.de\/home\/wp-json\/wp\/v2\/posts\/8875\/revisions\/8920"}],"wp:featuredmedia":[{"embeddable":true,"href":"https:\/\/www.fcschwand.de\/home\/wp-json\/wp\/v2\/media\/8892"}],"wp:attachment":[{"href":"https:\/\/www.fcschwand.de\/home\/wp-json\/wp\/v2\/media?parent=8875"}],"wp:term":[{"taxonomy":"category","embeddable":true,"href":"https:\/\/www.fcschwand.de\/home\/wp-json\/wp\/v2\/categories?post=8875"},{"taxonomy":"post_tag","embeddable":true,"href":"https:\/\/www.fcschwand.de\/home\/wp-json\/wp\/v2\/tags?post=8875"}],"curies":[{"name":"wp","href":"https:\/\/api.w.org\/{rel}","templated":true}]}}