{"id":8808,"date":"2025-06-15T11:15:31","date_gmt":"2025-06-15T09:15:31","guid":{"rendered":"https:\/\/www.fcschwand.de\/home\/?p=8808"},"modified":"2025-07-21T16:49:42","modified_gmt":"2025-07-21T14:49:42","slug":"fahrt-nach-frankreich","status":"publish","type":"post","link":"https:\/\/www.fcschwand.de\/home\/2025\/06\/15\/fahrt-nach-frankreich\/","title":{"rendered":"Fahrt nach Frankreich"},"content":{"rendered":"<div class=\"flex_column av_one_full  flex_column_div av-zero-column-padding first  avia-builder-el-0  avia-builder-el-no-sibling  \" style='border-radius:0px; '><section class=\"av_textblock_section \"  itemscope=\"itemscope\" itemtype=\"https:\/\/schema.org\/BlogPosting\" itemprop=\"blogPost\" ><div class='avia_textblock  '   itemprop=\"text\" ><h3>Schwanstetten in La Haye du Puits<\/h3>\n<p>Auch dieses Jahr ging es f\u00fcr eine diesmal etwas kleinere Gruppe in den Pfingstferien zu unseren franz\u00f6sischen Freunden nach La Haye du Puits in die Normandie.<\/p>\n<p>Die Hinfahrt hat am Dienstag, den 10. Juni, um 1 Uhr nachts in Schwanstetten begonnen und endete nach 16 Stunden Fahrt, einem Umweg \u00fcber Paris und einem Zwischenstopp im malerischen Honfleur, in der Partnergemeinde. Nach einer sehr herzlichen Begr\u00fc\u00dfung im Vereinsheim ging es f\u00fcr die sechs Reisenden in die jeweilige Gastfamilie &#8211; f\u00fcr die einen ein sch\u00f6nes Wiedersehen mit alten Bekannten, f\u00fcr die anderen ein erstes Kennenlernen. Das leckere Abendessen rundete den langen Tag ab.<\/p>\n<p>Am n\u00e4chsten Morgen ging es um 10 Uhr auf den Wochenmarkt in La Haye du Puits, wo es sich aus eigener Erfahrung gut shoppen l\u00e4sst. Am Nachmittag besichtigte die Gruppe den alten Leuchtturm von Carteret, der auf einer Klippe direkt am Atlantik steht. Nachdem die Aussicht auf das Meer genossen wurde, folgte eine kleine Wanderung durch die wundersch\u00f6ne Natur der K\u00fcstenregion hinunter zum Strand, wo sich der ein oder andere im k\u00fchlen Nass erfrischte. In einem beliebtem Keksladen wurde auf dem R\u00fcckweg kurz Halt gemacht, wo S\u00fc\u00dfigkeiten probiert und einige Spezialit\u00e4ten f\u00fcr die Familien zu Hause gekauft wurden. Ein ausgiebiges Abendessen in den Familien sorgte f\u00fcr einen sch\u00f6nen Ausklang des Tages.<\/p>\n<p>Donnerstag ging es bereits um 9 Uhr los. Das Ziel f\u00fcr den Vormittag war das Museum \u201eLa Cit\u00e9 de la Mer\u201c, wo das erste franz\u00f6sisches Atom U-Boot \u201eLe Redoutable\u201c ausgestellt ist und sogar mit einem Audioguide erkundet werden kann. Nach einem Gang durch die Unterwasserwelt des Museums und einer Ausstellung weiterer U-Boote f\u00fchrte der Weg der Gruppe in den kleinen Ort Sainte-M\u00e8re-\u00c9glise, der gepr\u00e4gt ist von den Ereignissen des D-Days. Den letzten Stopp des Tages stellte der Strand von Utah Beach dar, der ebenfalls an die Geschehnisse des geschichtstr\u00e4chtigen Tages im Jahre 1944 erinnert. Am Abend kamen alle Gastfamilien im Vereinsheim mit den deutschen G\u00e4sten zu einem gem\u00fctlichen Grillabend zusammen.<\/p>\n<p>Am Freitag f\u00fchrte der Weg der Gruppe zun\u00e4chst zum amerikanischen Soldatenfriedhof in Colleville, der die Unterst\u00fctzung der Amerikaner im 2. Weltkrieg ehrt &#8211; eine sehr eindrucksvolle und ansprechend gestaltete Gedenkst\u00e4tte, die die Besucher bewegte. Der Nachmittag wurde wegen der hohen Temperaturen und des sch\u00f6nen Wetters f\u00fcr einen Halt am Omaha Beach zum Entspannen und Baden genutzt. Der vorletzte Abend endete mit leckerem Essen und am\u00fcsanten Gespr\u00e4chen bei den Gastfamilien.<\/p>\n<p>Am letzten Tag stand ein Ausflug zum einzigartigen Dorf \u201eLe Mont-Saint-Michel\u201c an, das aufgrund der besonderen Lage mitten auf einem Felsen vor der K\u00fcste und der gro\u00dfartigen Architektur zum Weltkulturerbe geh\u00f6rt. Ein wirklich besonderes Ausflugsziel, welches auf jeden Fall ein Highlight der Reise war. Der letzte Abend in Frankreich fand nach mehreren Reden und Geschenken, die der Sportverein der Gemeinde La Haye du Puits gemeinsam mit dem Freundeskreis den deutschen G\u00e4sten als Erinnerung an die Woche \u00fcberreichte, im Vereinsheim seinen Abschluss.<\/p>\n<p>Am n\u00e4chsten Morgen trat die kleine Delegation ein bisschen wehm\u00fctig, aber mit vielen unvergesslichen Erinnerungen die Heimreise nach Schwanstetten an, die um 20 Uhr dort endete.<\/p>\n<\/div><\/section><br \/>\n<div  class='avia-gallery  avia-gallery-1 avia_lazyload avia-gallery-animate avia_animate_when_visible  avia-builder-el-2  el_after_av_textblock  avia-builder-el-last '  itemprop=\"image\" itemscope=\"itemscope\" itemtype=\"https:\/\/schema.org\/ImageObject\" ><div class='avia-gallery-thumb'> <a href='https:\/\/www.fcschwand.de\/wp-content\/uploads\/2025\/07\/17bee3db-48b7-4a29-a3ba-3c9b55fff312-1030x773.jpg' data-rel='gallery-1' data-prev-img='https:\/\/www.fcschwand.de\/wp-content\/uploads\/2025\/07\/17bee3db-48b7-4a29-a3ba-3c9b55fff312-495x400.jpg' class='first_thumb lightbox ' data-onclick='1' title='17bee3db-48b7-4a29-a3ba-3c9b55fff312'  itemprop=\"thumbnailUrl\"  ><img class=\"wp-image-8809 avia-img-lazy-loading-not-8809\"   src=\"https:\/\/www.fcschwand.de\/wp-content\/uploads\/2025\/07\/17bee3db-48b7-4a29-a3ba-3c9b55fff312-495x400.jpg\" width=\"495\" height=\"400\"  title='17bee3db-48b7-4a29-a3ba-3c9b55fff312' alt='' srcset=\"https:\/\/www.fcschwand.de\/wp-content\/uploads\/2025\/07\/17bee3db-48b7-4a29-a3ba-3c9b55fff312-495x400.jpg 495w, https:\/\/www.fcschwand.de\/wp-content\/uploads\/2025\/07\/17bee3db-48b7-4a29-a3ba-3c9b55fff312-845x684.jpg 845w\" sizes=\"(max-width: 495px) 100vw, 495px\" \/><\/a> <a href='https:\/\/www.fcschwand.de\/wp-content\/uploads\/2025\/07\/IMG_5185-773x1030.jpg' data-rel='gallery-1' data-prev-img='https:\/\/www.fcschwand.de\/wp-content\/uploads\/2025\/07\/IMG_5185-495x400.jpg' class='lightbox ' data-onclick='2' title='IMG_5185'  itemprop=\"thumbnailUrl\"  ><img class=\"wp-image-8810 avia-img-lazy-loading-not-8810\"   src=\"https:\/\/www.fcschwand.de\/wp-content\/uploads\/2025\/07\/IMG_5185-495x400.jpg\" width=\"495\" height=\"400\"  title='IMG_5185' alt='' srcset=\"https:\/\/www.fcschwand.de\/wp-content\/uploads\/2025\/07\/IMG_5185-495x400.jpg 495w, https:\/\/www.fcschwand.de\/wp-content\/uploads\/2025\/07\/IMG_5185-845x684.jpg 845w\" sizes=\"(max-width: 495px) 100vw, 495px\" \/><\/a> <a href='https:\/\/www.fcschwand.de\/wp-content\/uploads\/2025\/07\/IMG_5209-1030x773.jpg' data-rel='gallery-1' data-prev-img='https:\/\/www.fcschwand.de\/wp-content\/uploads\/2025\/07\/IMG_5209-495x400.jpg' class='lightbox ' data-onclick='3' title='IMG_5209'  itemprop=\"thumbnailUrl\"  ><img class=\"wp-image-8811 avia-img-lazy-loading-not-8811\"   src=\"https:\/\/www.fcschwand.de\/wp-content\/uploads\/2025\/07\/IMG_5209-495x400.jpg\" width=\"495\" height=\"400\"  title='IMG_5209' alt='' srcset=\"https:\/\/www.fcschwand.de\/wp-content\/uploads\/2025\/07\/IMG_5209-495x400.jpg 495w, https:\/\/www.fcschwand.de\/wp-content\/uploads\/2025\/07\/IMG_5209-845x684.jpg 845w\" sizes=\"(max-width: 495px) 100vw, 495px\" \/><\/a> <a href='https:\/\/www.fcschwand.de\/wp-content\/uploads\/2025\/07\/IMG_5239-773x1030.jpg' data-rel='gallery-1' data-prev-img='https:\/\/www.fcschwand.de\/wp-content\/uploads\/2025\/07\/IMG_5239-495x400.jpg' class='lightbox ' data-onclick='4' title='IMG_5239'  itemprop=\"thumbnailUrl\"  ><img class=\"wp-image-8812 avia-img-lazy-loading-not-8812\"   src=\"https:\/\/www.fcschwand.de\/wp-content\/uploads\/2025\/07\/IMG_5239-495x400.jpg\" width=\"495\" height=\"400\"  title='IMG_5239' alt='' srcset=\"https:\/\/www.fcschwand.de\/wp-content\/uploads\/2025\/07\/IMG_5239-495x400.jpg 495w, https:\/\/www.fcschwand.de\/wp-content\/uploads\/2025\/07\/IMG_5239-845x684.jpg 845w\" sizes=\"(max-width: 495px) 100vw, 495px\" \/><\/a> <a href='https:\/\/www.fcschwand.de\/wp-content\/uploads\/2025\/07\/IMG_5244-773x1030.jpg' data-rel='gallery-1' data-prev-img='https:\/\/www.fcschwand.de\/wp-content\/uploads\/2025\/07\/IMG_5244-495x400.jpg' class='lightbox ' data-onclick='5' title='IMG_5244'  itemprop=\"thumbnailUrl\"  ><img class=\"wp-image-8813 avia-img-lazy-loading-not-8813\"   src=\"https:\/\/www.fcschwand.de\/wp-content\/uploads\/2025\/07\/IMG_5244-495x400.jpg\" width=\"495\" height=\"400\"  title='IMG_5244' alt='' srcset=\"https:\/\/www.fcschwand.de\/wp-content\/uploads\/2025\/07\/IMG_5244-495x400.jpg 495w, https:\/\/www.fcschwand.de\/wp-content\/uploads\/2025\/07\/IMG_5244-845x684.jpg 845w\" sizes=\"(max-width: 495px) 100vw, 495px\" \/><\/a><\/div><\/div><\/p><\/div>\n","protected":false},"excerpt":{"rendered":"","protected":false},"author":7,"featured_media":8809,"comment_status":"open","ping_status":"closed","sticky":false,"template":"","format":"standard","meta":[],"categories":[52,14,26],"tags":[],"yoast_head":"<!-- This site is optimized with the Yoast SEO plugin v15.9.2 - https:\/\/yoast.com\/wordpress\/plugins\/seo\/ -->\n<title>Fahrt nach Frankreich - 1.FC Schwand<\/title>\n<meta property=\"og:locale\" content=\"de_DE\" \/>\n<meta property=\"og:type\" content=\"article\" \/>\n<meta property=\"og:title\" content=\"Fahrt nach Frankreich - 1.FC Schwand\" \/>\n<meta property=\"og:url\" content=\"https:\/\/www.fcschwand.de\/home\/2025\/06\/15\/fahrt-nach-frankreich\/\" \/>\n<meta property=\"og:site_name\" content=\"1.FC Schwand\" \/>\n<meta property=\"article:published_time\" content=\"2025-06-15T09:15:31+00:00\" \/>\n<meta property=\"article:modified_time\" content=\"2025-07-21T14:49:42+00:00\" \/>\n<meta property=\"og:image\" content=\"https:\/\/www.fcschwand.de\/wp-content\/uploads\/2025\/07\/17bee3db-48b7-4a29-a3ba-3c9b55fff312.jpg\" \/>\n\t<meta property=\"og:image:width\" content=\"1600\" \/>\n\t<meta property=\"og:image:height\" content=\"1200\" \/>\n<meta name=\"twitter:card\" content=\"summary\" \/>\n<meta name=\"twitter:label1\" content=\"Gesch\u00e4tzte Lesezeit\">\n\t<meta name=\"twitter:data1\" content=\"1\u00a0Minute\">\n<script type=\"application\/ld+json\" class=\"yoast-schema-graph\">{\"@context\":\"https:\/\/schema.org\",\"@graph\":[{\"@type\":\"WebSite\",\"@id\":\"https:\/\/www.fcschwand.de\/home\/#website\",\"url\":\"https:\/\/www.fcschwand.de\/home\/\",\"name\":\"1.FC Schwand\",\"description\":\"Sport aus Leidenschaft\",\"potentialAction\":[{\"@type\":\"SearchAction\",\"target\":\"https:\/\/www.fcschwand.de\/home\/?s={search_term_string}\",\"query-input\":\"required name=search_term_string\"}],\"inLanguage\":\"de\"},{\"@type\":\"ImageObject\",\"@id\":\"https:\/\/www.fcschwand.de\/home\/2025\/06\/15\/fahrt-nach-frankreich\/#primaryimage\",\"inLanguage\":\"de\",\"url\":\"https:\/\/www.fcschwand.de\/wp-content\/uploads\/2025\/07\/17bee3db-48b7-4a29-a3ba-3c9b55fff312.jpg\",\"width\":1600,\"height\":1200},{\"@type\":\"WebPage\",\"@id\":\"https:\/\/www.fcschwand.de\/home\/2025\/06\/15\/fahrt-nach-frankreich\/#webpage\",\"url\":\"https:\/\/www.fcschwand.de\/home\/2025\/06\/15\/fahrt-nach-frankreich\/\",\"name\":\"Fahrt nach Frankreich - 1.FC Schwand\",\"isPartOf\":{\"@id\":\"https:\/\/www.fcschwand.de\/home\/#website\"},\"primaryImageOfPage\":{\"@id\":\"https:\/\/www.fcschwand.de\/home\/2025\/06\/15\/fahrt-nach-frankreich\/#primaryimage\"},\"datePublished\":\"2025-06-15T09:15:31+00:00\",\"dateModified\":\"2025-07-21T14:49:42+00:00\",\"author\":{\"@id\":\"https:\/\/www.fcschwand.de\/home\/#\/schema\/person\/ddb7a2b5d26609759a85b75a74d0c60d\"},\"breadcrumb\":{\"@id\":\"https:\/\/www.fcschwand.de\/home\/2025\/06\/15\/fahrt-nach-frankreich\/#breadcrumb\"},\"inLanguage\":\"de\",\"potentialAction\":[{\"@type\":\"ReadAction\",\"target\":[\"https:\/\/www.fcschwand.de\/home\/2025\/06\/15\/fahrt-nach-frankreich\/\"]}]},{\"@type\":\"BreadcrumbList\",\"@id\":\"https:\/\/www.fcschwand.de\/home\/2025\/06\/15\/fahrt-nach-frankreich\/#breadcrumb\",\"itemListElement\":[{\"@type\":\"ListItem\",\"position\":1,\"item\":{\"@type\":\"WebPage\",\"@id\":\"https:\/\/www.fcschwand.de\/home\/1-fc-schwand-sportverein-2\/\",\"url\":\"https:\/\/www.fcschwand.de\/home\/1-fc-schwand-sportverein-2\/\",\"name\":\"Startseite\"}},{\"@type\":\"ListItem\",\"position\":2,\"item\":{\"@type\":\"WebPage\",\"@id\":\"https:\/\/www.fcschwand.de\/home\/2025\/06\/15\/fahrt-nach-frankreich\/\",\"url\":\"https:\/\/www.fcschwand.de\/home\/2025\/06\/15\/fahrt-nach-frankreich\/\",\"name\":\"Fahrt nach Frankreich\"}}]},{\"@type\":\"Person\",\"@id\":\"https:\/\/www.fcschwand.de\/home\/#\/schema\/person\/ddb7a2b5d26609759a85b75a74d0c60d\",\"name\":\"AlexHeinz\"}]}<\/script>\n<!-- \/ Yoast SEO plugin. -->","_links":{"self":[{"href":"https:\/\/www.fcschwand.de\/home\/wp-json\/wp\/v2\/posts\/8808"}],"collection":[{"href":"https:\/\/www.fcschwand.de\/home\/wp-json\/wp\/v2\/posts"}],"about":[{"href":"https:\/\/www.fcschwand.de\/home\/wp-json\/wp\/v2\/types\/post"}],"author":[{"embeddable":true,"href":"https:\/\/www.fcschwand.de\/home\/wp-json\/wp\/v2\/users\/7"}],"replies":[{"embeddable":true,"href":"https:\/\/www.fcschwand.de\/home\/wp-json\/wp\/v2\/comments?post=8808"}],"version-history":[{"count":2,"href":"https:\/\/www.fcschwand.de\/home\/wp-json\/wp\/v2\/posts\/8808\/revisions"}],"predecessor-version":[{"id":8922,"href":"https:\/\/www.fcschwand.de\/home\/wp-json\/wp\/v2\/posts\/8808\/revisions\/8922"}],"wp:featuredmedia":[{"embeddable":true,"href":"https:\/\/www.fcschwand.de\/home\/wp-json\/wp\/v2\/media\/8809"}],"wp:attachment":[{"href":"https:\/\/www.fcschwand.de\/home\/wp-json\/wp\/v2\/media?parent=8808"}],"wp:term":[{"taxonomy":"category","embeddable":true,"href":"https:\/\/www.fcschwand.de\/home\/wp-json\/wp\/v2\/categories?post=8808"},{"taxonomy":"post_tag","embeddable":true,"href":"https:\/\/www.fcschwand.de\/home\/wp-json\/wp\/v2\/tags?post=8808"}],"curies":[{"name":"wp","href":"https:\/\/api.w.org\/{rel}","templated":true}]}}