{"id":8681,"date":"2025-03-30T09:27:24","date_gmt":"2025-03-30T07:27:24","guid":{"rendered":"https:\/\/www.fcschwand.de\/home\/?p=8681"},"modified":"2025-07-21T16:50:27","modified_gmt":"2025-07-21T14:50:27","slug":"jahreshauptversammlung-2025","status":"publish","type":"post","link":"https:\/\/www.fcschwand.de\/home\/2025\/03\/30\/jahreshauptversammlung-2025\/","title":{"rendered":"Jahreshauptversammlung"},"content":{"rendered":"<div class=\"flex_column av_one_full  flex_column_div av-zero-column-padding first  avia-builder-el-0  avia-builder-el-no-sibling  \" style='border-radius:0px; '><section class=\"av_textblock_section \"  itemscope=\"itemscope\" itemtype=\"https:\/\/schema.org\/BlogPosting\" itemprop=\"blogPost\" ><div class='avia_textblock  '   itemprop=\"text\" ><h4><strong>Jahreshauptversammlung 2025\u00a0<\/strong><\/h4>\n<h5><strong>Langj\u00e4hrige Vereinstreue im Fokus <\/strong><\/h5>\n<p>Ehrungen und bedeutende Entscheidungen pr\u00e4gen die Mitgliederversammlung des 1. FC Schwand.<\/p>\n<p>Der 1. FC Schwand f\u00fchrte seine Mitgliederversammlung am Freitag, den 28.03.2025 im Sportheim durch und ehrte dabei zahlreiche Mitglieder. Durch die Versammlung f\u00fchrte 1. Vorstand Bernd Bachhofer.<\/p>\n<p>F\u00fcr 25 Jahre Mitgliedschaft ehrte der 1. FC Schwand Sebastian Rumpf, Simon Leppert, Gabriele Matejka, Berthold Matejka, Horst Papenfu\u00df, Irmgard Zitzelsberger, Andrea Reigber, Ludwig Stengel und Monika Reisenhauer.<\/p>\n<p>F\u00fcr 40 Jahre Vereinstreue wurden Anneliese Rotheneichner, Gerhard Rotheneichner, Rainer Dietrich, Irmtraut Schreiber und Ida Bachschuster geehrt.<\/p>\n<p>Bereits ein halbes Jahrhundert sind Horst Kreutzer, Norbert Hopf, Margit Fischer, Robert Ellert, Monika Ziegler und Margot Keck dabei und wurden somit zu Ehrenmitgliedern des 1. FC Schwand ernannt.<\/p>\n<p>Weitere herausragende Ehrungen gab es f\u00fcr Walter Mayer und Rudolf Grund f\u00fcr 60 Jahre Vereinsmitgliedschaft und f\u00fcr Friedrich H\u00f6rl f\u00fcr sogar 65 Jahre Vereinstreue.<\/p>\n<p>Auch die aktive Teilnahme im Verein erhielt Anerkennung. Sabine K\u00f6rner und Claudia Gunreben erhielten f\u00fcr zw\u00f6lf Jahre \u00dcbungsleitert\u00e4tigkeit in der Turnabteilung die silberne Leistungsnadel des 1. FC Schwand. Uschi Zimmermann erhielt f\u00fcr 15 Jahre \u00dcbungsleitert\u00e4tigkeit die Verdienstnadel \u201eSilber mit Gold\u201c vom Bayerischen Turnverband BTV. Fu\u00dfballabteilungsleiter Peter Leykauf erhielt f\u00fcr 5 Jahre T\u00e4tigkeit in der Vorstandschaft die Verdienstnadel in Bronze vom Bayerischen Landesportverband BLSV.<\/p>\n<p>Harald Oberfichtner, bekam f\u00fcr 20 Jahre T\u00e4tigkeit in verschiedenen Funktionen beim 1. FC Schwand die Leistungsnadel in Gold und zus\u00e4tzlich die Verdienstnadel in Gold des Bayerischen Landes-Sportverbandes BLSV f\u00fcr langj\u00e4hrige hervorragende Verdienste im Sport.<\/p>\n<p>Die Versammlung verabschiedete Hans Staudinger, der \u00fcber 22 Jahre als\u00a0 Platzwart zum Vereinsleben beitrug.<\/p>\n<p>Wichtige Punkte waren die finanzielle Zukunft und geplante bauliche Ma\u00dfnahmen im Sportheim, die die Kassiererin Kathrin Heinz und 3. Vorstand Alexander Sporer pr\u00e4sentierten. Themen waren Heizung, Toiletten, Saal und Kabinentrakt.<\/p>\n<p>Die Versammlung stimmte einer Beitragsanpassung nach \u00fcberzeugendem Vortrag von Sebastian Meyer (Mitgliederverwaltung) zu.<\/p>\n<p>Die Jahresberichte der Abteilungen waren ein wesentlicher Teil der Veranstaltung. Winfried Weirauch trug f\u00fcr Abteilungsleiter Hennig K\u00f6nicke den Bericht aus der Tennisabteilung vor. Michael Wei\u00df berichtete f\u00fcr die ebenfalls verhinderte Abteilungsleiterin Andrea Vogt von den Aktivit\u00e4ten der Tischtennisabteilung. Sebastian Oelmann pr\u00e4sentierte Erfolge der Handballabteilung. Ausf\u00fchrlich waren auch die Berichte von der Spielgemeinschaft Schwand-Leerstetten von Michael Simon in Vertretung f\u00fcr J\u00fcrgen Kisskalt und von der Fu\u00dfballabteilung, den Abteilungsleiter Peter Leykauf vortrug. Ulrike Papenfu\u00df, Leiterin der Turnabteilung, berichtete von zahlreichen Angeboten dieser Abteilung.<\/p>\n<p>Ein besonderer Moment der Versammlung war die \u00dcbergabe der Kinderbasar-Erl\u00f6se. Die Handballabteilung erhielt die Spende in H\u00f6he von 500 Euro.<\/p>\n<p>Die zwei Organisatorinnen der beliebten Kinderbasare im Sportheim Leanie Fischer und Natascha Sporer treten leider nach 15 Jahren ab. Mit Aline Friedrich und Jasmin Kraus haben sie zwei engagierte Nachfolgerinnen gefunden.<\/p>\n<p>B\u00fcrgermeister Robert Pfann lobte in seinem Gru\u00dfwort alle Abteilungen des 1. FC Schwand. Er hob unter anderem hervor, dass viele engagierte Menschen im Verein beste Rahmenbedingungen f\u00fcr die sportlichen Aktivit\u00e4ten schaffen. Auch informierte er die Mitgliederversammlung, dass ebenfalls Sanierungsarbeiten in der Gemeindehalle anstehen.<\/p>\n<p>Text:\u00a0 \u00a0Andreas Hahn<\/p>\n<p>Bilder:\u00a0 \u00a0Harald Oberfichtner<\/p>\n<\/div><\/section><br \/>\n<div  class='avia-gallery  avia-gallery-1 avia_lazyload avia-gallery-animate avia_animate_when_visible  avia-builder-el-2  el_after_av_textblock  avia-builder-el-last '  itemprop=\"image\" itemscope=\"itemscope\" itemtype=\"https:\/\/schema.org\/ImageObject\" ><div class='avia-gallery-thumb'> <a href='https:\/\/www.fcschwand.de\/wp-content\/uploads\/2025\/03\/Basar-Natascha-Sporer-Leanie-Fischer-1030x690.jpg' data-rel='gallery-1' data-prev-img='https:\/\/www.fcschwand.de\/wp-content\/uploads\/2025\/03\/Basar-Natascha-Sporer-Leanie-Fischer-495x400.jpg' class='first_thumb lightbox ' data-onclick='1' title='Leanie und Natascha \u00fcbergabe Spende Kinderbasar'  itemprop=\"thumbnailUrl\"  ><img class=\"wp-image-8771 avia-img-lazy-loading-not-8771\"  data-avia-tooltip='Leanie und Natascha \u00fcbergabe Spende Kinderbasar' src=\"https:\/\/www.fcschwand.de\/wp-content\/uploads\/2025\/03\/Basar-Natascha-Sporer-Leanie-Fischer-495x400.jpg\" width=\"495\" height=\"400\"  title='Basar Natascha Sporer Leanie Fischer' alt='' srcset=\"https:\/\/www.fcschwand.de\/wp-content\/uploads\/2025\/03\/Basar-Natascha-Sporer-Leanie-Fischer-495x400.jpg 495w, https:\/\/www.fcschwand.de\/wp-content\/uploads\/2025\/03\/Basar-Natascha-Sporer-Leanie-Fischer-845x684.jpg 845w\" sizes=\"(max-width: 495px) 100vw, 495px\" \/><\/a> <a href='https:\/\/www.fcschwand.de\/wp-content\/uploads\/2025\/03\/Baumassnahmen-Vorstellung-Kathrin-Heinz-Alexander-Sporer-1030x690.jpg' data-rel='gallery-1' data-prev-img='https:\/\/www.fcschwand.de\/wp-content\/uploads\/2025\/03\/Baumassnahmen-Vorstellung-Kathrin-Heinz-Alexander-Sporer-495x400.jpg' class='lightbox ' data-onclick='2' title='BaumasnahmenvorstellungKathrin und Alex Sporer '  itemprop=\"thumbnailUrl\"  ><img class=\"wp-image-8772 avia-img-lazy-loading-not-8772\"  data-avia-tooltip='BaumasnahmenvorstellungKathrin und Alex Sporer ' src=\"https:\/\/www.fcschwand.de\/wp-content\/uploads\/2025\/03\/Baumassnahmen-Vorstellung-Kathrin-Heinz-Alexander-Sporer-495x400.jpg\" width=\"495\" height=\"400\"  title='Baumassnahmen Vorstellung Kathrin Heinz Alexander Sporer' alt='' srcset=\"https:\/\/www.fcschwand.de\/wp-content\/uploads\/2025\/03\/Baumassnahmen-Vorstellung-Kathrin-Heinz-Alexander-Sporer-495x400.jpg 495w, https:\/\/www.fcschwand.de\/wp-content\/uploads\/2025\/03\/Baumassnahmen-Vorstellung-Kathrin-Heinz-Alexander-Sporer-845x684.jpg 845w\" sizes=\"(max-width: 495px) 100vw, 495px\" \/><\/a> <a href='https:\/\/www.fcschwand.de\/wp-content\/uploads\/2025\/03\/Beitragsanpassungen-Sebastian-Meyer-1030x690.jpg' data-rel='gallery-1' data-prev-img='https:\/\/www.fcschwand.de\/wp-content\/uploads\/2025\/03\/Beitragsanpassungen-Sebastian-Meyer-495x400.jpg' class='lightbox ' data-onclick='3' title='Beitragsanpassung Sebastian Meyer'  itemprop=\"thumbnailUrl\"  ><img class=\"wp-image-8773 avia-img-lazy-loading-not-8773\"  data-avia-tooltip='Beitragsanpassung Sebastian Meyer' src=\"https:\/\/www.fcschwand.de\/wp-content\/uploads\/2025\/03\/Beitragsanpassungen-Sebastian-Meyer-495x400.jpg\" width=\"495\" height=\"400\"  title='Beitragsanpassungen Sebastian Meyer' alt='' srcset=\"https:\/\/www.fcschwand.de\/wp-content\/uploads\/2025\/03\/Beitragsanpassungen-Sebastian-Meyer-495x400.jpg 495w, https:\/\/www.fcschwand.de\/wp-content\/uploads\/2025\/03\/Beitragsanpassungen-Sebastian-Meyer-845x684.jpg 845w\" sizes=\"(max-width: 495px) 100vw, 495px\" \/><\/a> <a href='https:\/\/www.fcschwand.de\/wp-content\/uploads\/2025\/03\/BGM-Robert-Pfann-1030x690.jpg' data-rel='gallery-1' data-prev-img='https:\/\/www.fcschwand.de\/wp-content\/uploads\/2025\/03\/BGM-Robert-Pfann-495x400.jpg' class='lightbox ' data-onclick='4' title='Rede BGM Robert Pfann'  itemprop=\"thumbnailUrl\"  ><img class=\"wp-image-8774 avia-img-lazy-loading-not-8774\"  data-avia-tooltip='Rede BGM Robert Pfann' src=\"https:\/\/www.fcschwand.de\/wp-content\/uploads\/2025\/03\/BGM-Robert-Pfann-495x400.jpg\" width=\"495\" height=\"400\"  title='BGM Robert Pfann' alt='' srcset=\"https:\/\/www.fcschwand.de\/wp-content\/uploads\/2025\/03\/BGM-Robert-Pfann-495x400.jpg 495w, https:\/\/www.fcschwand.de\/wp-content\/uploads\/2025\/03\/BGM-Robert-Pfann-845x684.jpg 845w\" sizes=\"(max-width: 495px) 100vw, 495px\" \/><\/a> <a href='https:\/\/www.fcschwand.de\/wp-content\/uploads\/2025\/03\/Ehrung-50-Jahre-Mitgliedschaft-1030x690.jpg' data-rel='gallery-1' data-prev-img='https:\/\/www.fcschwand.de\/wp-content\/uploads\/2025\/03\/Ehrung-50-Jahre-Mitgliedschaft-495x400.jpg' class='lightbox ' data-onclick='5' title='Ehrung 50. Jahre Mitgliedschaft'  itemprop=\"thumbnailUrl\"  ><img class=\"wp-image-8775 avia-img-lazy-loading-not-8775\"  data-avia-tooltip='Ehrung 50. Jahre Mitgliedschaft' src=\"https:\/\/www.fcschwand.de\/wp-content\/uploads\/2025\/03\/Ehrung-50-Jahre-Mitgliedschaft-495x400.jpg\" width=\"495\" height=\"400\"  title='Ehrung 50 Jahre Mitgliedschaft' alt='' srcset=\"https:\/\/www.fcschwand.de\/wp-content\/uploads\/2025\/03\/Ehrung-50-Jahre-Mitgliedschaft-495x400.jpg 495w, https:\/\/www.fcschwand.de\/wp-content\/uploads\/2025\/03\/Ehrung-50-Jahre-Mitgliedschaft-845x684.jpg 845w\" sizes=\"(max-width: 495px) 100vw, 495px\" \/><\/a> <a href='https:\/\/www.fcschwand.de\/wp-content\/uploads\/2025\/03\/Ehrung-60-und-65-Jahre-Mitgliedschaft-1030x690.jpg' data-rel='gallery-1' data-prev-img='https:\/\/www.fcschwand.de\/wp-content\/uploads\/2025\/03\/Ehrung-60-und-65-Jahre-Mitgliedschaft-495x400.jpg' class='first_thumb lightbox ' data-onclick='6' title='Ehrung 60. &#038; 65. Jahre'  itemprop=\"thumbnailUrl\"  ><img class=\"wp-image-8776 avia-img-lazy-loading-not-8776\"  data-avia-tooltip='Ehrung 60. &#038; 65. Jahre' src=\"https:\/\/www.fcschwand.de\/wp-content\/uploads\/2025\/03\/Ehrung-60-und-65-Jahre-Mitgliedschaft-495x400.jpg\" width=\"495\" height=\"400\"  title='Ehrung 60 und 65 Jahre Mitgliedschaft' alt='' srcset=\"https:\/\/www.fcschwand.de\/wp-content\/uploads\/2025\/03\/Ehrung-60-und-65-Jahre-Mitgliedschaft-495x400.jpg 495w, https:\/\/www.fcschwand.de\/wp-content\/uploads\/2025\/03\/Ehrung-60-und-65-Jahre-Mitgliedschaft-845x684.jpg 845w\" sizes=\"(max-width: 495px) 100vw, 495px\" \/><\/a> <a href='https:\/\/www.fcschwand.de\/wp-content\/uploads\/2025\/03\/Ehrung-Harald-Oberfichtner-1030x690.jpg' data-rel='gallery-1' data-prev-img='https:\/\/www.fcschwand.de\/wp-content\/uploads\/2025\/03\/Ehrung-Harald-Oberfichtner-495x400.jpg' class='lightbox ' data-onclick='7' title='Ehrung Harald Oberfichtner'  itemprop=\"thumbnailUrl\"  ><img class=\"wp-image-8777 avia-img-lazy-loading-not-8777\"  data-avia-tooltip='Ehrung Harald Oberfichtner' src=\"https:\/\/www.fcschwand.de\/wp-content\/uploads\/2025\/03\/Ehrung-Harald-Oberfichtner-495x400.jpg\" width=\"495\" height=\"400\"  title='Ehrung Harald Oberfichtner' alt='' srcset=\"https:\/\/www.fcschwand.de\/wp-content\/uploads\/2025\/03\/Ehrung-Harald-Oberfichtner-495x400.jpg 495w, https:\/\/www.fcschwand.de\/wp-content\/uploads\/2025\/03\/Ehrung-Harald-Oberfichtner-845x684.jpg 845w\" sizes=\"(max-width: 495px) 100vw, 495px\" \/><\/a> <a href='https:\/\/www.fcschwand.de\/wp-content\/uploads\/2025\/03\/Ehrungen-25-und-40-Jahre-Mitgliedschaft-1030x690.jpg' data-rel='gallery-1' data-prev-img='https:\/\/www.fcschwand.de\/wp-content\/uploads\/2025\/03\/Ehrungen-25-und-40-Jahre-Mitgliedschaft-495x400.jpg' class='lightbox ' data-onclick='8' title='Ehrung 25. &#038; 40. Jahre'  itemprop=\"thumbnailUrl\"  ><img class=\"wp-image-8778 avia-img-lazy-loading-not-8778\"  data-avia-tooltip='Ehrung 25. &#038; 40. Jahre' src=\"https:\/\/www.fcschwand.de\/wp-content\/uploads\/2025\/03\/Ehrungen-25-und-40-Jahre-Mitgliedschaft-495x400.jpg\" width=\"495\" height=\"400\"  title='Ehrungen 25 und 40 Jahre Mitgliedschaft' alt='' srcset=\"https:\/\/www.fcschwand.de\/wp-content\/uploads\/2025\/03\/Ehrungen-25-und-40-Jahre-Mitgliedschaft-495x400.jpg 495w, https:\/\/www.fcschwand.de\/wp-content\/uploads\/2025\/03\/Ehrungen-25-und-40-Jahre-Mitgliedschaft-845x684.jpg 845w\" sizes=\"(max-width: 495px) 100vw, 495px\" \/><\/a> <a href='https:\/\/www.fcschwand.de\/wp-content\/uploads\/2025\/03\/Fussball-Peter-Leykauf-1030x690.jpg' data-rel='gallery-1' data-prev-img='https:\/\/www.fcschwand.de\/wp-content\/uploads\/2025\/03\/Fussball-Peter-Leykauf-495x400.jpg' class='lightbox ' data-onclick='9' title='Bericht Fussball Peter Leykauf'  itemprop=\"thumbnailUrl\"  ><img class=\"wp-image-8779 avia-img-lazy-loading-not-8779\"  data-avia-tooltip='Bericht Fussball Peter Leykauf' src=\"https:\/\/www.fcschwand.de\/wp-content\/uploads\/2025\/03\/Fussball-Peter-Leykauf-495x400.jpg\" width=\"495\" height=\"400\"  title='Fu\u00dfball Peter Leykauf' alt='' srcset=\"https:\/\/www.fcschwand.de\/wp-content\/uploads\/2025\/03\/Fussball-Peter-Leykauf-495x400.jpg 495w, https:\/\/www.fcschwand.de\/wp-content\/uploads\/2025\/03\/Fussball-Peter-Leykauf-845x684.jpg 845w\" sizes=\"(max-width: 495px) 100vw, 495px\" \/><\/a> <a href='https:\/\/www.fcschwand.de\/wp-content\/uploads\/2025\/03\/Handball-Sebastian-Oelmann-1030x690.jpg' data-rel='gallery-1' data-prev-img='https:\/\/www.fcschwand.de\/wp-content\/uploads\/2025\/03\/Handball-Sebastian-Oelmann-495x400.jpg' class='lightbox ' data-onclick='10' title='Bericht Handball Sebasian Oelmann'  itemprop=\"thumbnailUrl\"  ><img class=\"wp-image-8780 avia-img-lazy-loading-not-8780\"  data-avia-tooltip='Bericht Handball Sebasian Oelmann' src=\"https:\/\/www.fcschwand.de\/wp-content\/uploads\/2025\/03\/Handball-Sebastian-Oelmann-495x400.jpg\" width=\"495\" height=\"400\"  title='Handball Sebastian Oelmann' alt='' srcset=\"https:\/\/www.fcschwand.de\/wp-content\/uploads\/2025\/03\/Handball-Sebastian-Oelmann-495x400.jpg 495w, https:\/\/www.fcschwand.de\/wp-content\/uploads\/2025\/03\/Handball-Sebastian-Oelmann-845x684.jpg 845w\" sizes=\"(max-width: 495px) 100vw, 495px\" \/><\/a> <a href='https:\/\/www.fcschwand.de\/wp-content\/uploads\/2025\/03\/Kassier-Kathrin-Heinz-1030x690.jpg' data-rel='gallery-1' data-prev-img='https:\/\/www.fcschwand.de\/wp-content\/uploads\/2025\/03\/Kassier-Kathrin-Heinz-495x400.jpg' class='first_thumb lightbox ' data-onclick='11' title='Bericht Kassier Kathrin Heinz'  itemprop=\"thumbnailUrl\"  ><img class=\"wp-image-8781 avia-img-lazy-loading-not-8781\"  data-avia-tooltip='Bericht Kassier Kathrin Heinz' src=\"https:\/\/www.fcschwand.de\/wp-content\/uploads\/2025\/03\/Kassier-Kathrin-Heinz-495x400.jpg\" width=\"495\" height=\"400\"  title='Kassier Kathrin Heinz' alt='' srcset=\"https:\/\/www.fcschwand.de\/wp-content\/uploads\/2025\/03\/Kassier-Kathrin-Heinz-495x400.jpg 495w, https:\/\/www.fcschwand.de\/wp-content\/uploads\/2025\/03\/Kassier-Kathrin-Heinz-845x684.jpg 845w\" sizes=\"(max-width: 495px) 100vw, 495px\" \/><\/a> <a href='https:\/\/www.fcschwand.de\/wp-content\/uploads\/2025\/03\/SG-Schwand-Leerstetten-Michael-Simon-1030x690.jpg' data-rel='gallery-1' data-prev-img='https:\/\/www.fcschwand.de\/wp-content\/uploads\/2025\/03\/SG-Schwand-Leerstetten-Michael-Simon-495x400.jpg' class='lightbox ' data-onclick='12' title='Bericht Jugendfussball Michael Simon'  itemprop=\"thumbnailUrl\"  ><img class=\"wp-image-8782 avia-img-lazy-loading-not-8782\"  data-avia-tooltip='Bericht Jugendfussball Michael Simon' src=\"https:\/\/www.fcschwand.de\/wp-content\/uploads\/2025\/03\/SG-Schwand-Leerstetten-Michael-Simon-495x400.jpg\" width=\"495\" height=\"400\"  title='SG Schwand Leerstetten Michael Simon' alt='' srcset=\"https:\/\/www.fcschwand.de\/wp-content\/uploads\/2025\/03\/SG-Schwand-Leerstetten-Michael-Simon-495x400.jpg 495w, https:\/\/www.fcschwand.de\/wp-content\/uploads\/2025\/03\/SG-Schwand-Leerstetten-Michael-Simon-845x684.jpg 845w\" sizes=\"(max-width: 495px) 100vw, 495px\" \/><\/a> <a href='https:\/\/www.fcschwand.de\/wp-content\/uploads\/2025\/03\/Spende-an-Handballabteilung-Kinderbasar-1030x690.jpg' data-rel='gallery-1' data-prev-img='https:\/\/www.fcschwand.de\/wp-content\/uploads\/2025\/03\/Spende-an-Handballabteilung-Kinderbasar-495x400.jpg' class='lightbox ' data-onclick='13' title='Spende an Handballabt. vom Kinderbasar'  itemprop=\"thumbnailUrl\"  ><img class=\"wp-image-8783 avia-img-lazy-loading-not-8783\"  data-avia-tooltip='Spende an Handballabt. vom Kinderbasar' src=\"https:\/\/www.fcschwand.de\/wp-content\/uploads\/2025\/03\/Spende-an-Handballabteilung-Kinderbasar-495x400.jpg\" width=\"495\" height=\"400\"  title='Spende an Handballabteilung Kinderbasar' alt='' srcset=\"https:\/\/www.fcschwand.de\/wp-content\/uploads\/2025\/03\/Spende-an-Handballabteilung-Kinderbasar-495x400.jpg 495w, https:\/\/www.fcschwand.de\/wp-content\/uploads\/2025\/03\/Spende-an-Handballabteilung-Kinderbasar-845x684.jpg 845w\" sizes=\"(max-width: 495px) 100vw, 495px\" \/><\/a> <a href='https:\/\/www.fcschwand.de\/wp-content\/uploads\/2025\/03\/Tennis-Winfried-Weirauch-1030x690.jpg' data-rel='gallery-1' data-prev-img='https:\/\/www.fcschwand.de\/wp-content\/uploads\/2025\/03\/Tennis-Winfried-Weirauch-495x400.jpg' class='lightbox ' data-onclick='14' title='Bericht Tennis Winfried Weirauch'  itemprop=\"thumbnailUrl\"  ><img class=\"wp-image-8784 avia-img-lazy-loading-not-8784\"  data-avia-tooltip='Bericht Tennis Winfried Weirauch' src=\"https:\/\/www.fcschwand.de\/wp-content\/uploads\/2025\/03\/Tennis-Winfried-Weirauch-495x400.jpg\" width=\"495\" height=\"400\"  title='Tennis Winfried Weirauch' alt='' srcset=\"https:\/\/www.fcschwand.de\/wp-content\/uploads\/2025\/03\/Tennis-Winfried-Weirauch-495x400.jpg 495w, https:\/\/www.fcschwand.de\/wp-content\/uploads\/2025\/03\/Tennis-Winfried-Weirauch-845x684.jpg 845w\" sizes=\"(max-width: 495px) 100vw, 495px\" \/><\/a> <a href='https:\/\/www.fcschwand.de\/wp-content\/uploads\/2025\/03\/Tischtennis-Michael-Weiss-1030x690.jpg' data-rel='gallery-1' data-prev-img='https:\/\/www.fcschwand.de\/wp-content\/uploads\/2025\/03\/Tischtennis-Michael-Weiss-495x400.jpg' class='lightbox ' data-onclick='15' title='Bericht Tischtennis Michael Weiss'  itemprop=\"thumbnailUrl\"  ><img class=\"wp-image-8785 avia-img-lazy-loading-not-8785\"  data-avia-tooltip='Bericht Tischtennis Michael Weiss' src=\"https:\/\/www.fcschwand.de\/wp-content\/uploads\/2025\/03\/Tischtennis-Michael-Weiss-495x400.jpg\" width=\"495\" height=\"400\"  title='Tischtennis Michael Wei\u00df' alt='' srcset=\"https:\/\/www.fcschwand.de\/wp-content\/uploads\/2025\/03\/Tischtennis-Michael-Weiss-495x400.jpg 495w, https:\/\/www.fcschwand.de\/wp-content\/uploads\/2025\/03\/Tischtennis-Michael-Weiss-845x684.jpg 845w\" sizes=\"(max-width: 495px) 100vw, 495px\" \/><\/a> <a href='https:\/\/www.fcschwand.de\/wp-content\/uploads\/2025\/03\/Turnen-Ulrike-Papenfuss-1030x690.jpg' data-rel='gallery-1' data-prev-img='https:\/\/www.fcschwand.de\/wp-content\/uploads\/2025\/03\/Turnen-Ulrike-Papenfuss-495x400.jpg' class='first_thumb lightbox ' data-onclick='16' title='Bericht Turnen Ulrike Papenfuss'  itemprop=\"thumbnailUrl\"  ><img class=\"wp-image-8786 avia-img-lazy-loading-not-8786\"  data-avia-tooltip='Bericht Turnen Ulrike Papenfuss' src=\"https:\/\/www.fcschwand.de\/wp-content\/uploads\/2025\/03\/Turnen-Ulrike-Papenfuss-495x400.jpg\" width=\"495\" height=\"400\"  title='Turnen Ulrike Papenfu\u00df' alt='' srcset=\"https:\/\/www.fcschwand.de\/wp-content\/uploads\/2025\/03\/Turnen-Ulrike-Papenfuss-495x400.jpg 495w, https:\/\/www.fcschwand.de\/wp-content\/uploads\/2025\/03\/Turnen-Ulrike-Papenfuss-845x684.jpg 845w\" sizes=\"(max-width: 495px) 100vw, 495px\" \/><\/a> <a href='https:\/\/www.fcschwand.de\/wp-content\/uploads\/2025\/03\/Verabschiedung-Hans-Staudinger-1030x690.jpg' data-rel='gallery-1' data-prev-img='https:\/\/www.fcschwand.de\/wp-content\/uploads\/2025\/03\/Verabschiedung-Hans-Staudinger-495x400.jpg' class='lightbox ' data-onclick='17' title='Verabschiedung Hans Staudinger'  itemprop=\"thumbnailUrl\"  ><img class=\"wp-image-8787 avia-img-lazy-loading-not-8787\"  data-avia-tooltip='Verabschiedung Hans Staudinger' src=\"https:\/\/www.fcschwand.de\/wp-content\/uploads\/2025\/03\/Verabschiedung-Hans-Staudinger-495x400.jpg\" width=\"495\" height=\"400\"  title='Verabschiedung Hans Staudinger' alt='' srcset=\"https:\/\/www.fcschwand.de\/wp-content\/uploads\/2025\/03\/Verabschiedung-Hans-Staudinger-495x400.jpg 495w, https:\/\/www.fcschwand.de\/wp-content\/uploads\/2025\/03\/Verabschiedung-Hans-Staudinger-845x684.jpg 845w\" sizes=\"(max-width: 495px) 100vw, 495px\" \/><\/a> <a href='https:\/\/www.fcschwand.de\/wp-content\/uploads\/2025\/03\/Vereinsehrung-1030x690.jpg' data-rel='gallery-1' data-prev-img='https:\/\/www.fcschwand.de\/wp-content\/uploads\/2025\/03\/Vereinsehrung-495x400.jpg' class='lightbox ' data-onclick='18' title='Vereinsehrung'  itemprop=\"thumbnailUrl\"  ><img class=\"wp-image-8788 avia-img-lazy-loading-not-8788\"  data-avia-tooltip='Vereinsehrung' src=\"https:\/\/www.fcschwand.de\/wp-content\/uploads\/2025\/03\/Vereinsehrung-495x400.jpg\" width=\"495\" height=\"400\"  title='Vereinsehrung' alt='' srcset=\"https:\/\/www.fcschwand.de\/wp-content\/uploads\/2025\/03\/Vereinsehrung-495x400.jpg 495w, https:\/\/www.fcschwand.de\/wp-content\/uploads\/2025\/03\/Vereinsehrung-845x684.jpg 845w\" sizes=\"(max-width: 495px) 100vw, 495px\" \/><\/a> <a href='https:\/\/www.fcschwand.de\/wp-content\/uploads\/2025\/03\/Vorstand-Bernd-Bachhofer-1030x690.jpg' data-rel='gallery-1' data-prev-img='https:\/\/www.fcschwand.de\/wp-content\/uploads\/2025\/03\/Vorstand-Bernd-Bachhofer-495x400.jpg' class='lightbox ' data-onclick='19' title='Bericht 1. Vorstand Bernd Bachhofer'  itemprop=\"thumbnailUrl\"  ><img class=\"wp-image-8789 avia-img-lazy-loading-not-8789\"  data-avia-tooltip='Bericht 1. Vorstand Bernd Bachhofer' src=\"https:\/\/www.fcschwand.de\/wp-content\/uploads\/2025\/03\/Vorstand-Bernd-Bachhofer-495x400.jpg\" width=\"495\" height=\"400\"  title='Vorstand Bernd Bachhofer' alt='' srcset=\"https:\/\/www.fcschwand.de\/wp-content\/uploads\/2025\/03\/Vorstand-Bernd-Bachhofer-495x400.jpg 495w, https:\/\/www.fcschwand.de\/wp-content\/uploads\/2025\/03\/Vorstand-Bernd-Bachhofer-845x684.jpg 845w\" sizes=\"(max-width: 495px) 100vw, 495px\" \/><\/a> <a href='https:\/\/www.fcschwand.de\/wp-content\/uploads\/2025\/03\/Vorstandschaft-1-1030x690.jpg' data-rel='gallery-1' data-prev-img='https:\/\/www.fcschwand.de\/wp-content\/uploads\/2025\/03\/Vorstandschaft-1-495x400.jpg' class='lightbox ' data-onclick='20' title='Vorstandschaft'  itemprop=\"thumbnailUrl\"  ><img class=\"wp-image-8790 avia-img-lazy-loading-not-8790\"  data-avia-tooltip='Vorstandschaft' src=\"https:\/\/www.fcschwand.de\/wp-content\/uploads\/2025\/03\/Vorstandschaft-1-495x400.jpg\" width=\"495\" height=\"400\"  title='Vorstandschaft 1' alt='' srcset=\"https:\/\/www.fcschwand.de\/wp-content\/uploads\/2025\/03\/Vorstandschaft-1-495x400.jpg 495w, https:\/\/www.fcschwand.de\/wp-content\/uploads\/2025\/03\/Vorstandschaft-1-845x684.jpg 845w\" sizes=\"(max-width: 495px) 100vw, 495px\" \/><\/a> <a href='https:\/\/www.fcschwand.de\/wp-content\/uploads\/2025\/03\/Vorstandschaft-2-1030x690.jpg' data-rel='gallery-1' data-prev-img='https:\/\/www.fcschwand.de\/wp-content\/uploads\/2025\/03\/Vorstandschaft-2-495x400.jpg' class='first_thumb lightbox ' data-onclick='21' title='Vorstandschaft'  itemprop=\"thumbnailUrl\"  ><img class=\"wp-image-8791 avia-img-lazy-loading-not-8791\"  data-avia-tooltip='Vorstandschaft' src=\"https:\/\/www.fcschwand.de\/wp-content\/uploads\/2025\/03\/Vorstandschaft-2-495x400.jpg\" width=\"495\" height=\"400\"  title='Vorstandschaft 2' alt='' srcset=\"https:\/\/www.fcschwand.de\/wp-content\/uploads\/2025\/03\/Vorstandschaft-2-495x400.jpg 495w, https:\/\/www.fcschwand.de\/wp-content\/uploads\/2025\/03\/Vorstandschaft-2-845x684.jpg 845w\" sizes=\"(max-width: 495px) 100vw, 495px\" \/><\/a> <a href='https:\/\/www.fcschwand.de\/wp-content\/uploads\/2025\/03\/Zuschauer-JHV-1-1030x690.jpg' data-rel='gallery-1' data-prev-img='https:\/\/www.fcschwand.de\/wp-content\/uploads\/2025\/03\/Zuschauer-JHV-1-495x400.jpg' class='lightbox ' data-onclick='22' title='G\u00e4ste '  itemprop=\"thumbnailUrl\"  ><img class=\"wp-image-8792 avia-img-lazy-loading-not-8792\"  data-avia-tooltip='G\u00e4ste ' src=\"https:\/\/www.fcschwand.de\/wp-content\/uploads\/2025\/03\/Zuschauer-JHV-1-495x400.jpg\" width=\"495\" height=\"400\"  title='Zuschauer JHV 1' alt='' srcset=\"https:\/\/www.fcschwand.de\/wp-content\/uploads\/2025\/03\/Zuschauer-JHV-1-495x400.jpg 495w, https:\/\/www.fcschwand.de\/wp-content\/uploads\/2025\/03\/Zuschauer-JHV-1-845x684.jpg 845w\" sizes=\"(max-width: 495px) 100vw, 495px\" \/><\/a> <a href='https:\/\/www.fcschwand.de\/wp-content\/uploads\/2025\/03\/Zuschauer-JHV-2-1030x690.jpg' data-rel='gallery-1' data-prev-img='https:\/\/www.fcschwand.de\/wp-content\/uploads\/2025\/03\/Zuschauer-JHV-2-495x400.jpg' class='lightbox ' data-onclick='23' title='G\u00e4ste'  itemprop=\"thumbnailUrl\"  ><img class=\"wp-image-8793 avia-img-lazy-loading-not-8793\"  data-avia-tooltip='G\u00e4ste' src=\"https:\/\/www.fcschwand.de\/wp-content\/uploads\/2025\/03\/Zuschauer-JHV-2-495x400.jpg\" width=\"495\" height=\"400\"  title='Zuschauer JHV 2' alt='' srcset=\"https:\/\/www.fcschwand.de\/wp-content\/uploads\/2025\/03\/Zuschauer-JHV-2-495x400.jpg 495w, https:\/\/www.fcschwand.de\/wp-content\/uploads\/2025\/03\/Zuschauer-JHV-2-845x684.jpg 845w\" sizes=\"(max-width: 495px) 100vw, 495px\" \/><\/a> <a href='https:\/\/www.fcschwand.de\/wp-content\/uploads\/2025\/03\/Zuschauer-JHV-3-1030x690.jpg' data-rel='gallery-1' data-prev-img='https:\/\/www.fcschwand.de\/wp-content\/uploads\/2025\/03\/Zuschauer-JHV-3-495x400.jpg' class='lightbox ' data-onclick='24' title='G\u00e4ste'  itemprop=\"thumbnailUrl\"  ><img class=\"wp-image-8794 avia-img-lazy-loading-not-8794\"  data-avia-tooltip='G\u00e4ste' src=\"https:\/\/www.fcschwand.de\/wp-content\/uploads\/2025\/03\/Zuschauer-JHV-3-495x400.jpg\" width=\"495\" height=\"400\"  title='Zuschauer JHV 3' alt='' srcset=\"https:\/\/www.fcschwand.de\/wp-content\/uploads\/2025\/03\/Zuschauer-JHV-3-495x400.jpg 495w, https:\/\/www.fcschwand.de\/wp-content\/uploads\/2025\/03\/Zuschauer-JHV-3-845x684.jpg 845w\" sizes=\"(max-width: 495px) 100vw, 495px\" \/><\/a><\/div><\/div><\/p><\/div>\n","protected":false},"excerpt":{"rendered":"","protected":false},"author":7,"featured_media":8769,"comment_status":"open","ping_status":"closed","sticky":false,"template":"","format":"standard","meta":[],"categories":[52,14,26],"tags":[],"yoast_head":"<!-- This site is optimized with the Yoast SEO plugin v15.9.2 - https:\/\/yoast.com\/wordpress\/plugins\/seo\/ -->\n<title>Jahreshauptversammlung - 1.FC Schwand<\/title>\n<meta name=\"description\" content=\"JHV, Jahreshauptversammlung, FCS,\" \/>\n<meta property=\"og:locale\" content=\"de_DE\" \/>\n<meta property=\"og:type\" content=\"article\" \/>\n<meta property=\"og:title\" content=\"Jahreshauptversammlung - 1.FC Schwand\" \/>\n<meta property=\"og:description\" content=\"JHV, Jahreshauptversammlung, FCS,\" \/>\n<meta property=\"og:url\" content=\"https:\/\/www.fcschwand.de\/home\/2025\/03\/30\/jahreshauptversammlung-2025\/\" \/>\n<meta property=\"og:site_name\" content=\"1.FC Schwand\" \/>\n<meta property=\"article:published_time\" content=\"2025-03-30T07:27:24+00:00\" \/>\n<meta property=\"article:modified_time\" content=\"2025-07-21T14:50:27+00:00\" \/>\n<meta property=\"og:image\" content=\"https:\/\/www.fcschwand.de\/wp-content\/uploads\/2025\/07\/Einladung-JHV-2025.jpg\" \/>\n\t<meta property=\"og:image:width\" content=\"500\" \/>\n\t<meta property=\"og:image:height\" content=\"265\" \/>\n<meta name=\"twitter:card\" content=\"summary\" \/>\n<meta name=\"twitter:label1\" content=\"Gesch\u00e4tzte Lesezeit\">\n\t<meta name=\"twitter:data1\" content=\"3\u00a0Minuten\">\n<script type=\"application\/ld+json\" class=\"yoast-schema-graph\">{\"@context\":\"https:\/\/schema.org\",\"@graph\":[{\"@type\":\"WebSite\",\"@id\":\"https:\/\/www.fcschwand.de\/home\/#website\",\"url\":\"https:\/\/www.fcschwand.de\/home\/\",\"name\":\"1.FC Schwand\",\"description\":\"Sport aus Leidenschaft\",\"potentialAction\":[{\"@type\":\"SearchAction\",\"target\":\"https:\/\/www.fcschwand.de\/home\/?s={search_term_string}\",\"query-input\":\"required name=search_term_string\"}],\"inLanguage\":\"de\"},{\"@type\":\"ImageObject\",\"@id\":\"https:\/\/www.fcschwand.de\/home\/2025\/03\/30\/jahreshauptversammlung-2025\/#primaryimage\",\"inLanguage\":\"de\",\"url\":\"https:\/\/www.fcschwand.de\/wp-content\/uploads\/2025\/07\/Einladung-JHV-2025.jpg\",\"width\":500,\"height\":265},{\"@type\":\"WebPage\",\"@id\":\"https:\/\/www.fcschwand.de\/home\/2025\/03\/30\/jahreshauptversammlung-2025\/#webpage\",\"url\":\"https:\/\/www.fcschwand.de\/home\/2025\/03\/30\/jahreshauptversammlung-2025\/\",\"name\":\"Jahreshauptversammlung - 1.FC Schwand\",\"isPartOf\":{\"@id\":\"https:\/\/www.fcschwand.de\/home\/#website\"},\"primaryImageOfPage\":{\"@id\":\"https:\/\/www.fcschwand.de\/home\/2025\/03\/30\/jahreshauptversammlung-2025\/#primaryimage\"},\"datePublished\":\"2025-03-30T07:27:24+00:00\",\"dateModified\":\"2025-07-21T14:50:27+00:00\",\"author\":{\"@id\":\"https:\/\/www.fcschwand.de\/home\/#\/schema\/person\/ddb7a2b5d26609759a85b75a74d0c60d\"},\"description\":\"JHV, Jahreshauptversammlung, FCS,\",\"breadcrumb\":{\"@id\":\"https:\/\/www.fcschwand.de\/home\/2025\/03\/30\/jahreshauptversammlung-2025\/#breadcrumb\"},\"inLanguage\":\"de\",\"potentialAction\":[{\"@type\":\"ReadAction\",\"target\":[\"https:\/\/www.fcschwand.de\/home\/2025\/03\/30\/jahreshauptversammlung-2025\/\"]}]},{\"@type\":\"BreadcrumbList\",\"@id\":\"https:\/\/www.fcschwand.de\/home\/2025\/03\/30\/jahreshauptversammlung-2025\/#breadcrumb\",\"itemListElement\":[{\"@type\":\"ListItem\",\"position\":1,\"item\":{\"@type\":\"WebPage\",\"@id\":\"https:\/\/www.fcschwand.de\/home\/1-fc-schwand-sportverein-2\/\",\"url\":\"https:\/\/www.fcschwand.de\/home\/1-fc-schwand-sportverein-2\/\",\"name\":\"Startseite\"}},{\"@type\":\"ListItem\",\"position\":2,\"item\":{\"@type\":\"WebPage\",\"@id\":\"https:\/\/www.fcschwand.de\/home\/2025\/03\/30\/jahreshauptversammlung-2025\/\",\"url\":\"https:\/\/www.fcschwand.de\/home\/2025\/03\/30\/jahreshauptversammlung-2025\/\",\"name\":\"Jahreshauptversammlung\"}}]},{\"@type\":\"Person\",\"@id\":\"https:\/\/www.fcschwand.de\/home\/#\/schema\/person\/ddb7a2b5d26609759a85b75a74d0c60d\",\"name\":\"AlexHeinz\"}]}<\/script>\n<!-- \/ Yoast SEO plugin. -->","_links":{"self":[{"href":"https:\/\/www.fcschwand.de\/home\/wp-json\/wp\/v2\/posts\/8681"}],"collection":[{"href":"https:\/\/www.fcschwand.de\/home\/wp-json\/wp\/v2\/posts"}],"about":[{"href":"https:\/\/www.fcschwand.de\/home\/wp-json\/wp\/v2\/types\/post"}],"author":[{"embeddable":true,"href":"https:\/\/www.fcschwand.de\/home\/wp-json\/wp\/v2\/users\/7"}],"replies":[{"embeddable":true,"href":"https:\/\/www.fcschwand.de\/home\/wp-json\/wp\/v2\/comments?post=8681"}],"version-history":[{"count":4,"href":"https:\/\/www.fcschwand.de\/home\/wp-json\/wp\/v2\/posts\/8681\/revisions"}],"predecessor-version":[{"id":8923,"href":"https:\/\/www.fcschwand.de\/home\/wp-json\/wp\/v2\/posts\/8681\/revisions\/8923"}],"wp:featuredmedia":[{"embeddable":true,"href":"https:\/\/www.fcschwand.de\/home\/wp-json\/wp\/v2\/media\/8769"}],"wp:attachment":[{"href":"https:\/\/www.fcschwand.de\/home\/wp-json\/wp\/v2\/media?parent=8681"}],"wp:term":[{"taxonomy":"category","embeddable":true,"href":"https:\/\/www.fcschwand.de\/home\/wp-json\/wp\/v2\/categories?post=8681"},{"taxonomy":"post_tag","embeddable":true,"href":"https:\/\/www.fcschwand.de\/home\/wp-json\/wp\/v2\/tags?post=8681"}],"curies":[{"name":"wp","href":"https:\/\/api.w.org\/{rel}","templated":true}]}}