{"id":7437,"date":"2022-08-07T10:35:13","date_gmt":"2022-08-07T08:35:13","guid":{"rendered":"https:\/\/www.fcschwand.de\/?p=7437"},"modified":"2022-08-07T20:51:43","modified_gmt":"2022-08-07T18:51:43","slug":"sommerfest-2022","status":"publish","type":"post","link":"https:\/\/www.fcschwand.de\/home\/2022\/08\/07\/sommerfest-2022\/","title":{"rendered":"95 Jahre 1. FC Schwand &#8211; Gro\u00dfes Familien-Sommerfest"},"content":{"rendered":"<p>Der 1. FC Schwand kann auf 95 Jahre Vereinsgeschichte zur\u00fcckblicken. Aus diesem Anlass richtete der Sportverein am Sonntag, den 17.07.2022 auf dem vereinseigenen Sportplatz ein Fest bei sommerlichen Temperaturen aus.<\/p>\n<p>Bei Kaffee und Kuchen, Leckeres vom Grill (Fu\u00dfballabt.), gek\u00fchlten Getr\u00e4nken (Handballabt.) und schattigen Sitzpl\u00e4tzen konnten die G\u00e4ste eine Vielzahl von Auff\u00fchrungen aus der Turnabteilung des 1. FC Schwand genie\u00dfen. Auch konnte der neu gestaltete Flyer des 1. FC Schwand unter den G\u00e4sten verteilt werden. Au\u00dferdem stellten die Abteilungen ihre Sportarten an mehreren Stationen vor. Sie luden insbesondere Kinder und Jugendliche dazu ein, die jeweilige Sportart kennen zu lernen.<\/p>\n<p>Die Tennisabteilung stellte Kleinfeld- und Korbball-Tennis vor. Die Tischtennisabteilung tat \u00e4hnliches und hatte dazu mehrere Tischtennisplatten in verschiedenen Gr\u00f6\u00dfen aufgebaut. Bei der S\/G Schwand \u2013 Leerstetten (Jugendfu\u00dfball) gab es unter anderem die M\u00f6glichkeit, die Zielsicherheit beim Torschuss oder die Geschicklichkeit bei der Ballf\u00fchrung im Slalom zu testen. Die Spielbus des Kreisjugendrings Roth lockte au\u00dferdem zu kurzweiligen spielerischen Bet\u00e4tigungen und bunten Tattoos.<\/p>\n<p>Ehrungen f\u00fcr 25 Jahre Mitgliedschaft aus den Jahren 2020-2022, welche aufgrund der Corona-Pandemie nicht durchgef\u00fchrt werden konnten, wurden nachgeholt.<\/p>\n<p>Im Jahr 2020 konnten Anne Feyerlein, Christian Globisch, Christa und Friedrich H\u00f6rauf, Doris Hutflesz, Anita Lohm\u00fcller, Ingrid Luff-Stammler, Brigitte Posilek-Siewert und Ingrid Sydney auf\u00a0 25 Jahre Mitgliedschaft zur\u00fcckblicken.<\/p>\n<p>Aus dem Jahr 2021 ehrte der Sportverein Hannelore Brunner, Friederike und Helmut Grund, Elke Hochmeyer, Dietmar Koltzenburg, Sebastian Meyer, Sylvia Meyer, Klaus Niedermann, Ulrike Papenfu\u00df, Werner Sch\u00f6nauer, J\u00f6rg Schubert, Karlheinz Wa\u00dfner und Peter Weidner. F\u00fcr 2022 wurden die Ehrungen von Thomas Gastner, Erika Heitmann, Gerda Klaus, Antje Manthey, Andrea Meyer, Viktoria Puschner, Erika Seefelder, Tobias Vitzethum, Wulf Wilhelm und Waltraud Ziegler durchgef\u00fchrt. Auch einige vereinsinterne Auszeichnungen erfolgten w\u00e4hrend des Sportplatzfestes. Lothar Sch\u00f6nsee erhielt f\u00fcr zw\u00f6lf Jahre T\u00e4tigkeit als \u00dcbungsleiter- bzw. Trainert\u00e4tigkeit die Vereinsnadel in Silber. F\u00fcr acht Jahre\u00a0 \u00dcbungsleiter-t\u00e4tigkeit wurden Claudia Gunreben und Sabine K\u00f6rner mit der Vereinsnadel des 1. FC Schwand in Bronze ausgezeichnet.<\/p>\n<p>Vor dem Ehrungsblock bezeichnete der 1. B\u00fcrgermeister von Schwanstetten Robert Pfann den 1. FC Schwand als Institution in Sachen Breitensport in der Marktgemeinde. An diesem Nachmittag hie\u00dfe es auch \u201eDanke\u201c an alle Trainer, \u00dcbungsleiter und Vorstandsmitglieder.<\/p>\n<p>Besondere H\u00f6hepunkte des Sportplatzfestes waren die Auftritte aus der Turnabteilung.<\/p>\n<p>Eine \u00dcberraschung gab es noch von den Organisatorinnen der Kinderbasare, Leanie Fischer und Natascha Sporer, welche 2 mal im Jahr im Saal des Sportheimes statt finden. Beide \u00fcbergaben eine Spende in H\u00f6he von 1000 Euro, aus den letzten 4 Basaren, an die Turnabteilung.<\/p>\n<p>In einem ersten Auftrittsblock \u00fcbernahmen die Tanzkinder \u201eCrazy Catkins\u201c den Auftakt. Es folgte die Jugendtanzgruppe \u201ePois &amp; Dance\u201c, die kunstvoll Pois in verschiedenen Variationen zu fetziger Musik schwangen. Die Mitglieder der Esdo-Gruppe erfreuten das Publikum mit der Darstellung effektiver Selbstverteidigungstechniken, Griffen und Abwehrtechniken. F\u00fcr Furore sorgte sp\u00e4ter auch das Akrobatik-Duo Sina und Sophie Papenfu\u00df.<\/p>\n<p>Im zweiten Showblock zeigte die Hip Hop Gruppe \u201eAir \u00b4N\u00b4 Beat\u201c \u2013 wenn auch in einer kleinen Besetzung \u2013 gekonnt einstudierte T\u00e4nze. Einen gro\u00dfen Eindruck hinterlie\u00df auch die\u00a0 Akrobatikgruppe \u201eLet\u2019sgo \u2013 Let\u2019s do\u201c, die eine vielseitige und perfekt einstudierte Choreografie mit unterschiedlichsten akrobatischen Einlagen zeigte. Viel Applaus erntete auch die Gruppe \u201eFemmes Fada\u201c f\u00fcr ihren Tanz und Spiel mit den Pois. Zum Abschluss f\u00fchrten die Tanzgruppen, unterst\u00fctzt von der Feuergruppe \u201eEngel der Nacht\u201c, einen gemeinsamen Tanz vor, welcher noch einmal die breite Vielfalt in diesem Bereich hervor hob.<\/p>\n<p>Der 1. FC Schwand bedankt sich bei allen G\u00e4sten, Mitgliedern, Helfern, Aktiven und Sponsoren und freut sich auf ein Wiedersehen!<\/p>\n<p>Artikel A. Hahn \/ U. Papenfu\u00df\u00a0\u00a0\u00a0\u00a0\u00a0\u00a0\u00a0\u00a0\u00a0\u00a0\u00a0\u00a0\u00a0 Bilder A. Hahn \/ A. Schlegel<\/p>\n\n\t\t<style type=\"text\/css\">\n\t\t\t#gallery-1 {\n\t\t\t\tmargin: auto;\n\t\t\t}\n\t\t\t#gallery-1 .gallery-item {\n\t\t\t\tfloat: left;\n\t\t\t\tmargin-top: 10px;\n\t\t\t\ttext-align: center;\n\t\t\t\twidth: 20%;\n\t\t\t}\n\t\t\t#gallery-1 img {\n\t\t\t\tborder: 2px solid #cfcfcf;\n\t\t\t}\n\t\t\t#gallery-1 .gallery-caption {\n\t\t\t\tmargin-left: 0;\n\t\t\t}\n\t\t\t\/* see gallery_shortcode() in wp-includes\/media.php *\/\n\t\t<\/style>\n\t\t<div id='gallery-1' class='gallery galleryid-7437 gallery-columns-5 gallery-size-thumbnail'><dl class='gallery-item'>\n\t\t\t<dt class='gallery-icon landscape'>\n\t\t\t\t<a href='https:\/\/www.fcschwand.de\/home\/2022\/08\/07\/sommerfest-2022\/akrobatik-1_klein_schlegel\/'><img width=\"80\" height=\"80\" src=\"https:\/\/www.fcschwand.de\/wp-content\/uploads\/2022\/08\/Akrobatik-1_klein_schlegel-80x80.jpg\" class=\"avia-img-lazy-loading-7479 attachment-thumbnail size-thumbnail\" alt=\"\" loading=\"lazy\" aria-describedby=\"gallery-1-7479\" srcset=\"https:\/\/www.fcschwand.de\/wp-content\/uploads\/2022\/08\/Akrobatik-1_klein_schlegel-80x80.jpg 80w, https:\/\/www.fcschwand.de\/wp-content\/uploads\/2022\/08\/Akrobatik-1_klein_schlegel-36x36.jpg 36w, https:\/\/www.fcschwand.de\/wp-content\/uploads\/2022\/08\/Akrobatik-1_klein_schlegel-180x180.jpg 180w\" sizes=\"(max-width: 80px) 100vw, 80px\" \/><\/a>\n\t\t\t<\/dt>\n\t\t\t\t<dd class='wp-caption-text gallery-caption' id='gallery-1-7479'>\n\t\t\t\tAkrobatik\n\t\t\t\t<\/dd><\/dl><dl class='gallery-item'>\n\t\t\t<dt class='gallery-icon landscape'>\n\t\t\t\t<a href='https:\/\/www.fcschwand.de\/home\/2022\/08\/07\/sommerfest-2022\/akrobatik-2_klein_schlegel\/'><img width=\"80\" height=\"80\" src=\"https:\/\/www.fcschwand.de\/wp-content\/uploads\/2022\/08\/Akrobatik-2_klein_schlegel-80x80.jpg\" class=\"avia-img-lazy-loading-7480 attachment-thumbnail size-thumbnail\" alt=\"\" loading=\"lazy\" aria-describedby=\"gallery-1-7480\" srcset=\"https:\/\/www.fcschwand.de\/wp-content\/uploads\/2022\/08\/Akrobatik-2_klein_schlegel-80x80.jpg 80w, https:\/\/www.fcschwand.de\/wp-content\/uploads\/2022\/08\/Akrobatik-2_klein_schlegel-36x36.jpg 36w, https:\/\/www.fcschwand.de\/wp-content\/uploads\/2022\/08\/Akrobatik-2_klein_schlegel-180x180.jpg 180w\" sizes=\"(max-width: 80px) 100vw, 80px\" \/><\/a>\n\t\t\t<\/dt>\n\t\t\t\t<dd class='wp-caption-text gallery-caption' id='gallery-1-7480'>\n\t\t\t\tAkrobatik\n\t\t\t\t<\/dd><\/dl><dl class='gallery-item'>\n\t\t\t<dt class='gallery-icon landscape'>\n\t\t\t\t<a href='https:\/\/www.fcschwand.de\/home\/2022\/08\/07\/sommerfest-2022\/akrobatik-3_klein_schlegel\/'><img width=\"80\" height=\"80\" src=\"https:\/\/www.fcschwand.de\/wp-content\/uploads\/2022\/08\/Akrobatik-3_klein_schlegel-80x80.jpg\" class=\"avia-img-lazy-loading-7481 attachment-thumbnail size-thumbnail\" alt=\"\" loading=\"lazy\" aria-describedby=\"gallery-1-7481\" srcset=\"https:\/\/www.fcschwand.de\/wp-content\/uploads\/2022\/08\/Akrobatik-3_klein_schlegel-80x80.jpg 80w, https:\/\/www.fcschwand.de\/wp-content\/uploads\/2022\/08\/Akrobatik-3_klein_schlegel-36x36.jpg 36w, https:\/\/www.fcschwand.de\/wp-content\/uploads\/2022\/08\/Akrobatik-3_klein_schlegel-180x180.jpg 180w\" sizes=\"(max-width: 80px) 100vw, 80px\" \/><\/a>\n\t\t\t<\/dt>\n\t\t\t\t<dd class='wp-caption-text gallery-caption' id='gallery-1-7481'>\n\t\t\t\tAkrobatik\n\t\t\t\t<\/dd><\/dl><dl class='gallery-item'>\n\t\t\t<dt class='gallery-icon landscape'>\n\t\t\t\t<a href='https:\/\/www.fcschwand.de\/home\/2022\/08\/07\/sommerfest-2022\/akrobatik-4_klein_schlegel\/'><img width=\"80\" height=\"80\" src=\"https:\/\/www.fcschwand.de\/wp-content\/uploads\/2022\/08\/Akrobatik-4_klein_schlegel-80x80.jpg\" class=\"avia-img-lazy-loading-7482 attachment-thumbnail size-thumbnail\" alt=\"\" loading=\"lazy\" aria-describedby=\"gallery-1-7482\" srcset=\"https:\/\/www.fcschwand.de\/wp-content\/uploads\/2022\/08\/Akrobatik-4_klein_schlegel-80x80.jpg 80w, https:\/\/www.fcschwand.de\/wp-content\/uploads\/2022\/08\/Akrobatik-4_klein_schlegel-36x36.jpg 36w, https:\/\/www.fcschwand.de\/wp-content\/uploads\/2022\/08\/Akrobatik-4_klein_schlegel-180x180.jpg 180w\" sizes=\"(max-width: 80px) 100vw, 80px\" \/><\/a>\n\t\t\t<\/dt>\n\t\t\t\t<dd class='wp-caption-text gallery-caption' id='gallery-1-7482'>\n\t\t\t\tAkrobatik\n\t\t\t\t<\/dd><\/dl><dl class='gallery-item'>\n\t\t\t<dt class='gallery-icon landscape'>\n\t\t\t\t<a href='https:\/\/www.fcschwand.de\/home\/2022\/08\/07\/sommerfest-2022\/all-in-1_klein_schlegel\/'><img width=\"80\" height=\"80\" src=\"https:\/\/www.fcschwand.de\/wp-content\/uploads\/2022\/08\/All-In-1_klein_schlegel-80x80.jpg\" class=\"avia-img-lazy-loading-7483 attachment-thumbnail size-thumbnail\" alt=\"\" loading=\"lazy\" srcset=\"https:\/\/www.fcschwand.de\/wp-content\/uploads\/2022\/08\/All-In-1_klein_schlegel-80x80.jpg 80w, https:\/\/www.fcschwand.de\/wp-content\/uploads\/2022\/08\/All-In-1_klein_schlegel-36x36.jpg 36w, https:\/\/www.fcschwand.de\/wp-content\/uploads\/2022\/08\/All-In-1_klein_schlegel-180x180.jpg 180w\" sizes=\"(max-width: 80px) 100vw, 80px\" \/><\/a>\n\t\t\t<\/dt><\/dl><br style=\"clear: both\" \/><dl class='gallery-item'>\n\t\t\t<dt class='gallery-icon landscape'>\n\t\t\t\t<a href='https:\/\/www.fcschwand.de\/home\/2022\/08\/07\/sommerfest-2022\/all-in-2_klein_schlegel\/'><img width=\"80\" height=\"80\" src=\"https:\/\/www.fcschwand.de\/wp-content\/uploads\/2022\/08\/All-In-2_klein_schlegel-80x80.jpg\" class=\"avia-img-lazy-loading-7484 attachment-thumbnail size-thumbnail\" alt=\"\" loading=\"lazy\" srcset=\"https:\/\/www.fcschwand.de\/wp-content\/uploads\/2022\/08\/All-In-2_klein_schlegel-80x80.jpg 80w, https:\/\/www.fcschwand.de\/wp-content\/uploads\/2022\/08\/All-In-2_klein_schlegel-36x36.jpg 36w, https:\/\/www.fcschwand.de\/wp-content\/uploads\/2022\/08\/All-In-2_klein_schlegel-180x180.jpg 180w\" sizes=\"(max-width: 80px) 100vw, 80px\" \/><\/a>\n\t\t\t<\/dt><\/dl><dl class='gallery-item'>\n\t\t\t<dt class='gallery-icon landscape'>\n\t\t\t\t<a href='https:\/\/www.fcschwand.de\/home\/2022\/08\/07\/sommerfest-2022\/all-in-3_klein_schlegel\/'><img width=\"80\" height=\"80\" src=\"https:\/\/www.fcschwand.de\/wp-content\/uploads\/2022\/08\/All-In-3_klein_schlegel-80x80.jpg\" class=\"avia-img-lazy-loading-7485 attachment-thumbnail size-thumbnail\" alt=\"\" loading=\"lazy\" srcset=\"https:\/\/www.fcschwand.de\/wp-content\/uploads\/2022\/08\/All-In-3_klein_schlegel-80x80.jpg 80w, https:\/\/www.fcschwand.de\/wp-content\/uploads\/2022\/08\/All-In-3_klein_schlegel-36x36.jpg 36w, https:\/\/www.fcschwand.de\/wp-content\/uploads\/2022\/08\/All-In-3_klein_schlegel-180x180.jpg 180w\" sizes=\"(max-width: 80px) 100vw, 80px\" \/><\/a>\n\t\t\t<\/dt><\/dl><dl class='gallery-item'>\n\t\t\t<dt class='gallery-icon landscape'>\n\t\t\t\t<a href='https:\/\/www.fcschwand.de\/home\/2022\/08\/07\/sommerfest-2022\/all-in-tanzgruppen-1-a-hahn\/'><img width=\"80\" height=\"80\" src=\"https:\/\/www.fcschwand.de\/wp-content\/uploads\/2022\/08\/All-in-Tanzgruppen-1-A.-Hahn-80x80.jpg\" class=\"avia-img-lazy-loading-7486 attachment-thumbnail size-thumbnail\" alt=\"\" loading=\"lazy\" srcset=\"https:\/\/www.fcschwand.de\/wp-content\/uploads\/2022\/08\/All-in-Tanzgruppen-1-A.-Hahn-80x80.jpg 80w, https:\/\/www.fcschwand.de\/wp-content\/uploads\/2022\/08\/All-in-Tanzgruppen-1-A.-Hahn-36x36.jpg 36w, https:\/\/www.fcschwand.de\/wp-content\/uploads\/2022\/08\/All-in-Tanzgruppen-1-A.-Hahn-180x180.jpg 180w\" sizes=\"(max-width: 80px) 100vw, 80px\" \/><\/a>\n\t\t\t<\/dt><\/dl><dl class='gallery-item'>\n\t\t\t<dt class='gallery-icon landscape'>\n\t\t\t\t<a href='https:\/\/www.fcschwand.de\/home\/2022\/08\/07\/sommerfest-2022\/all-in-tanzgruppen-2-a-hahn\/'><img width=\"80\" height=\"80\" src=\"https:\/\/www.fcschwand.de\/wp-content\/uploads\/2022\/08\/All-in-Tanzgruppen-2-A.-Hahn-80x80.jpg\" class=\"avia-img-lazy-loading-7487 attachment-thumbnail size-thumbnail\" alt=\"\" loading=\"lazy\" srcset=\"https:\/\/www.fcschwand.de\/wp-content\/uploads\/2022\/08\/All-in-Tanzgruppen-2-A.-Hahn-80x80.jpg 80w, https:\/\/www.fcschwand.de\/wp-content\/uploads\/2022\/08\/All-in-Tanzgruppen-2-A.-Hahn-36x36.jpg 36w, https:\/\/www.fcschwand.de\/wp-content\/uploads\/2022\/08\/All-in-Tanzgruppen-2-A.-Hahn-180x180.jpg 180w\" sizes=\"(max-width: 80px) 100vw, 80px\" \/><\/a>\n\t\t\t<\/dt><\/dl><dl class='gallery-item'>\n\t\t\t<dt class='gallery-icon landscape'>\n\t\t\t\t<a href='https:\/\/www.fcschwand.de\/home\/2022\/08\/07\/sommerfest-2022\/aufbau_klein_schlegel\/'><img width=\"80\" height=\"80\" src=\"https:\/\/www.fcschwand.de\/wp-content\/uploads\/2022\/08\/Aufbau_klein_schlegel-80x80.jpg\" class=\"avia-img-lazy-loading-7488 attachment-thumbnail size-thumbnail\" alt=\"\" loading=\"lazy\" aria-describedby=\"gallery-1-7488\" srcset=\"https:\/\/www.fcschwand.de\/wp-content\/uploads\/2022\/08\/Aufbau_klein_schlegel-80x80.jpg 80w, https:\/\/www.fcschwand.de\/wp-content\/uploads\/2022\/08\/Aufbau_klein_schlegel-36x36.jpg 36w, https:\/\/www.fcschwand.de\/wp-content\/uploads\/2022\/08\/Aufbau_klein_schlegel-180x180.jpg 180w\" sizes=\"(max-width: 80px) 100vw, 80px\" \/><\/a>\n\t\t\t<\/dt>\n\t\t\t\t<dd class='wp-caption-text gallery-caption' id='gallery-1-7488'>\n\t\t\t\tAufbau\n\t\t\t\t<\/dd><\/dl><br style=\"clear: both\" \/><dl class='gallery-item'>\n\t\t\t<dt class='gallery-icon portrait'>\n\t\t\t\t<a href='https:\/\/www.fcschwand.de\/home\/2022\/08\/07\/sommerfest-2022\/bgm-pfann\/'><img width=\"80\" height=\"80\" src=\"https:\/\/www.fcschwand.de\/wp-content\/uploads\/2022\/08\/BGM-Pfann-80x80.jpg\" class=\"avia-img-lazy-loading-7489 attachment-thumbnail size-thumbnail\" alt=\"\" loading=\"lazy\" aria-describedby=\"gallery-1-7489\" srcset=\"https:\/\/www.fcschwand.de\/wp-content\/uploads\/2022\/08\/BGM-Pfann-80x80.jpg 80w, https:\/\/www.fcschwand.de\/wp-content\/uploads\/2022\/08\/BGM-Pfann-36x36.jpg 36w, https:\/\/www.fcschwand.de\/wp-content\/uploads\/2022\/08\/BGM-Pfann-180x180.jpg 180w\" sizes=\"(max-width: 80px) 100vw, 80px\" \/><\/a>\n\t\t\t<\/dt>\n\t\t\t\t<dd class='wp-caption-text gallery-caption' id='gallery-1-7489'>\n\t\t\t\tB\u00fcrgermeister Robert Pfann\n\t\t\t\t<\/dd><\/dl><dl class='gallery-item'>\n\t\t\t<dt class='gallery-icon landscape'>\n\t\t\t\t<a href='https:\/\/www.fcschwand.de\/home\/2022\/08\/07\/sommerfest-2022\/crazy-catkins-1-a-hahn\/'><img width=\"80\" height=\"80\" src=\"https:\/\/www.fcschwand.de\/wp-content\/uploads\/2022\/08\/Crazy-Catkins-1-A.-Hahn-80x80.jpeg\" class=\"avia-img-lazy-loading-7493 attachment-thumbnail size-thumbnail\" alt=\"\" loading=\"lazy\" aria-describedby=\"gallery-1-7493\" srcset=\"https:\/\/www.fcschwand.de\/wp-content\/uploads\/2022\/08\/Crazy-Catkins-1-A.-Hahn-80x80.jpeg 80w, https:\/\/www.fcschwand.de\/wp-content\/uploads\/2022\/08\/Crazy-Catkins-1-A.-Hahn-36x36.jpeg 36w, https:\/\/www.fcschwand.de\/wp-content\/uploads\/2022\/08\/Crazy-Catkins-1-A.-Hahn-180x180.jpeg 180w\" sizes=\"(max-width: 80px) 100vw, 80px\" \/><\/a>\n\t\t\t<\/dt>\n\t\t\t\t<dd class='wp-caption-text gallery-caption' id='gallery-1-7493'>\n\t\t\t\tCrazy Katkids\n\t\t\t\t<\/dd><\/dl><dl class='gallery-item'>\n\t\t\t<dt class='gallery-icon landscape'>\n\t\t\t\t<a href='https:\/\/www.fcschwand.de\/home\/2022\/08\/07\/sommerfest-2022\/crazy-catkins-1_klein_schlegel\/'><img width=\"80\" height=\"80\" src=\"https:\/\/www.fcschwand.de\/wp-content\/uploads\/2022\/08\/Crazy-Catkins-1_klein_schlegel-80x80.jpg\" class=\"avia-img-lazy-loading-7494 attachment-thumbnail size-thumbnail\" alt=\"\" loading=\"lazy\" aria-describedby=\"gallery-1-7494\" srcset=\"https:\/\/www.fcschwand.de\/wp-content\/uploads\/2022\/08\/Crazy-Catkins-1_klein_schlegel-80x80.jpg 80w, https:\/\/www.fcschwand.de\/wp-content\/uploads\/2022\/08\/Crazy-Catkins-1_klein_schlegel-36x36.jpg 36w, https:\/\/www.fcschwand.de\/wp-content\/uploads\/2022\/08\/Crazy-Catkins-1_klein_schlegel-180x180.jpg 180w\" sizes=\"(max-width: 80px) 100vw, 80px\" \/><\/a>\n\t\t\t<\/dt>\n\t\t\t\t<dd class='wp-caption-text gallery-caption' id='gallery-1-7494'>\n\t\t\t\tCrazy Katkids\n\t\t\t\t<\/dd><\/dl><dl class='gallery-item'>\n\t\t\t<dt class='gallery-icon landscape'>\n\t\t\t\t<a href='https:\/\/www.fcschwand.de\/home\/2022\/08\/07\/sommerfest-2022\/crazy-catkins-2-a-hahn\/'><img width=\"80\" height=\"80\" src=\"https:\/\/www.fcschwand.de\/wp-content\/uploads\/2022\/08\/Crazy-Catkins-2-A.-Hahn-80x80.jpeg\" class=\"avia-img-lazy-loading-7495 attachment-thumbnail size-thumbnail\" alt=\"\" loading=\"lazy\" aria-describedby=\"gallery-1-7495\" srcset=\"https:\/\/www.fcschwand.de\/wp-content\/uploads\/2022\/08\/Crazy-Catkins-2-A.-Hahn-80x80.jpeg 80w, https:\/\/www.fcschwand.de\/wp-content\/uploads\/2022\/08\/Crazy-Catkins-2-A.-Hahn-36x36.jpeg 36w, https:\/\/www.fcschwand.de\/wp-content\/uploads\/2022\/08\/Crazy-Catkins-2-A.-Hahn-180x180.jpeg 180w\" sizes=\"(max-width: 80px) 100vw, 80px\" \/><\/a>\n\t\t\t<\/dt>\n\t\t\t\t<dd class='wp-caption-text gallery-caption' id='gallery-1-7495'>\n\t\t\t\tCrazy Katkids\n\t\t\t\t<\/dd><\/dl><dl class='gallery-item'>\n\t\t\t<dt class='gallery-icon landscape'>\n\t\t\t\t<a href='https:\/\/www.fcschwand.de\/home\/2022\/08\/07\/sommerfest-2022\/duo-1_klein_schlegel\/'><img width=\"80\" height=\"80\" src=\"https:\/\/www.fcschwand.de\/wp-content\/uploads\/2022\/08\/Duo-1_klein_schlegel-80x80.jpg\" class=\"avia-img-lazy-loading-7496 attachment-thumbnail size-thumbnail\" alt=\"\" loading=\"lazy\" srcset=\"https:\/\/www.fcschwand.de\/wp-content\/uploads\/2022\/08\/Duo-1_klein_schlegel-80x80.jpg 80w, https:\/\/www.fcschwand.de\/wp-content\/uploads\/2022\/08\/Duo-1_klein_schlegel-36x36.jpg 36w, https:\/\/www.fcschwand.de\/wp-content\/uploads\/2022\/08\/Duo-1_klein_schlegel-180x180.jpg 180w\" sizes=\"(max-width: 80px) 100vw, 80px\" \/><\/a>\n\t\t\t<\/dt><\/dl><br style=\"clear: both\" \/><dl class='gallery-item'>\n\t\t\t<dt class='gallery-icon landscape'>\n\t\t\t\t<a href='https:\/\/www.fcschwand.de\/home\/2022\/08\/07\/sommerfest-2022\/duo-2_klein_schlegel\/'><img width=\"80\" height=\"80\" src=\"https:\/\/www.fcschwand.de\/wp-content\/uploads\/2022\/08\/Duo-2_klein_schlegel-80x80.jpg\" class=\"avia-img-lazy-loading-7497 attachment-thumbnail size-thumbnail\" alt=\"\" loading=\"lazy\" srcset=\"https:\/\/www.fcschwand.de\/wp-content\/uploads\/2022\/08\/Duo-2_klein_schlegel-80x80.jpg 80w, https:\/\/www.fcschwand.de\/wp-content\/uploads\/2022\/08\/Duo-2_klein_schlegel-36x36.jpg 36w, https:\/\/www.fcschwand.de\/wp-content\/uploads\/2022\/08\/Duo-2_klein_schlegel-180x180.jpg 180w\" sizes=\"(max-width: 80px) 100vw, 80px\" \/><\/a>\n\t\t\t<\/dt><\/dl><dl class='gallery-item'>\n\t\t\t<dt class='gallery-icon landscape'>\n\t\t\t\t<a href='https:\/\/www.fcschwand.de\/home\/2022\/08\/07\/sommerfest-2022\/ehrungen-25-jahre-1_klein_schlegel\/'><img width=\"80\" height=\"80\" src=\"https:\/\/www.fcschwand.de\/wp-content\/uploads\/2022\/08\/Ehrungen-25-Jahre-1_klein_schlegel-80x80.jpg\" class=\"avia-img-lazy-loading-7498 attachment-thumbnail size-thumbnail\" alt=\"\" loading=\"lazy\" aria-describedby=\"gallery-1-7498\" srcset=\"https:\/\/www.fcschwand.de\/wp-content\/uploads\/2022\/08\/Ehrungen-25-Jahre-1_klein_schlegel-80x80.jpg 80w, https:\/\/www.fcschwand.de\/wp-content\/uploads\/2022\/08\/Ehrungen-25-Jahre-1_klein_schlegel-36x36.jpg 36w, https:\/\/www.fcschwand.de\/wp-content\/uploads\/2022\/08\/Ehrungen-25-Jahre-1_klein_schlegel-180x180.jpg 180w\" sizes=\"(max-width: 80px) 100vw, 80px\" \/><\/a>\n\t\t\t<\/dt>\n\t\t\t\t<dd class='wp-caption-text gallery-caption' id='gallery-1-7498'>\n\t\t\t\tEhrungen 25. Jahre\n\t\t\t\t<\/dd><\/dl><dl class='gallery-item'>\n\t\t\t<dt class='gallery-icon landscape'>\n\t\t\t\t<a href='https:\/\/www.fcschwand.de\/home\/2022\/08\/07\/sommerfest-2022\/ehrungen-25-jahre-2_klein_schlegel\/'><img width=\"80\" height=\"80\" src=\"https:\/\/www.fcschwand.de\/wp-content\/uploads\/2022\/08\/Ehrungen-25-Jahre-2_klein_schlegel-80x80.jpg\" class=\"avia-img-lazy-loading-7499 attachment-thumbnail size-thumbnail\" alt=\"\" loading=\"lazy\" aria-describedby=\"gallery-1-7499\" srcset=\"https:\/\/www.fcschwand.de\/wp-content\/uploads\/2022\/08\/Ehrungen-25-Jahre-2_klein_schlegel-80x80.jpg 80w, https:\/\/www.fcschwand.de\/wp-content\/uploads\/2022\/08\/Ehrungen-25-Jahre-2_klein_schlegel-36x36.jpg 36w, https:\/\/www.fcschwand.de\/wp-content\/uploads\/2022\/08\/Ehrungen-25-Jahre-2_klein_schlegel-180x180.jpg 180w\" sizes=\"(max-width: 80px) 100vw, 80px\" \/><\/a>\n\t\t\t<\/dt>\n\t\t\t\t<dd class='wp-caption-text gallery-caption' id='gallery-1-7499'>\n\t\t\t\tEhrungen\n\t\t\t\t<\/dd><\/dl><dl class='gallery-item'>\n\t\t\t<dt class='gallery-icon landscape'>\n\t\t\t\t<a href='https:\/\/www.fcschwand.de\/home\/2022\/08\/07\/sommerfest-2022\/esdo-2_klein_schlegel\/'><img width=\"80\" height=\"80\" src=\"https:\/\/www.fcschwand.de\/wp-content\/uploads\/2022\/08\/Esdo-2_klein_schlegel-80x80.jpg\" class=\"avia-img-lazy-loading-7500 attachment-thumbnail size-thumbnail\" alt=\"\" loading=\"lazy\" aria-describedby=\"gallery-1-7500\" srcset=\"https:\/\/www.fcschwand.de\/wp-content\/uploads\/2022\/08\/Esdo-2_klein_schlegel-80x80.jpg 80w, https:\/\/www.fcschwand.de\/wp-content\/uploads\/2022\/08\/Esdo-2_klein_schlegel-36x36.jpg 36w, https:\/\/www.fcschwand.de\/wp-content\/uploads\/2022\/08\/Esdo-2_klein_schlegel-180x180.jpg 180w\" sizes=\"(max-width: 80px) 100vw, 80px\" \/><\/a>\n\t\t\t<\/dt>\n\t\t\t\t<dd class='wp-caption-text gallery-caption' id='gallery-1-7500'>\n\t\t\t\tESDO\n\t\t\t\t<\/dd><\/dl><dl class='gallery-item'>\n\t\t\t<dt class='gallery-icon landscape'>\n\t\t\t\t<a href='https:\/\/www.fcschwand.de\/home\/2022\/08\/07\/sommerfest-2022\/esdo-gruppe-1-a-hahn\/'><img width=\"80\" height=\"80\" src=\"https:\/\/www.fcschwand.de\/wp-content\/uploads\/2022\/08\/Esdo-Gruppe-1-A.-Hahn-80x80.jpg\" class=\"avia-img-lazy-loading-7501 attachment-thumbnail size-thumbnail\" alt=\"\" loading=\"lazy\" aria-describedby=\"gallery-1-7501\" srcset=\"https:\/\/www.fcschwand.de\/wp-content\/uploads\/2022\/08\/Esdo-Gruppe-1-A.-Hahn-80x80.jpg 80w, https:\/\/www.fcschwand.de\/wp-content\/uploads\/2022\/08\/Esdo-Gruppe-1-A.-Hahn-36x36.jpg 36w, https:\/\/www.fcschwand.de\/wp-content\/uploads\/2022\/08\/Esdo-Gruppe-1-A.-Hahn-180x180.jpg 180w\" sizes=\"(max-width: 80px) 100vw, 80px\" \/><\/a>\n\t\t\t<\/dt>\n\t\t\t\t<dd class='wp-caption-text gallery-caption' id='gallery-1-7501'>\n\t\t\t\tESDO\n\t\t\t\t<\/dd><\/dl><br style=\"clear: both\" \/><dl class='gallery-item'>\n\t\t\t<dt class='gallery-icon landscape'>\n\t\t\t\t<a href='https:\/\/www.fcschwand.de\/home\/2022\/08\/07\/sommerfest-2022\/esdo-gruppe-3-a-hahn\/'><img width=\"80\" height=\"80\" src=\"https:\/\/www.fcschwand.de\/wp-content\/uploads\/2022\/08\/Esdo-Gruppe-3-A.-Hahn-80x80.jpg\" class=\"avia-img-lazy-loading-7502 attachment-thumbnail size-thumbnail\" alt=\"\" loading=\"lazy\" aria-describedby=\"gallery-1-7502\" srcset=\"https:\/\/www.fcschwand.de\/wp-content\/uploads\/2022\/08\/Esdo-Gruppe-3-A.-Hahn-80x80.jpg 80w, https:\/\/www.fcschwand.de\/wp-content\/uploads\/2022\/08\/Esdo-Gruppe-3-A.-Hahn-36x36.jpg 36w, https:\/\/www.fcschwand.de\/wp-content\/uploads\/2022\/08\/Esdo-Gruppe-3-A.-Hahn-180x180.jpg 180w\" sizes=\"(max-width: 80px) 100vw, 80px\" \/><\/a>\n\t\t\t<\/dt>\n\t\t\t\t<dd class='wp-caption-text gallery-caption' id='gallery-1-7502'>\n\t\t\t\tESDO\n\t\t\t\t<\/dd><\/dl><dl class='gallery-item'>\n\t\t\t<dt class='gallery-icon landscape'>\n\t\t\t\t<a href='https:\/\/www.fcschwand.de\/home\/2022\/08\/07\/sommerfest-2022\/esdo-stock-gruppe-2-a-hahn\/'><img width=\"80\" height=\"80\" src=\"https:\/\/www.fcschwand.de\/wp-content\/uploads\/2022\/08\/Esdo-Stock-Gruppe-2-A.-Hahn-80x80.jpg\" class=\"avia-img-lazy-loading-7503 attachment-thumbnail size-thumbnail\" alt=\"\" loading=\"lazy\" aria-describedby=\"gallery-1-7503\" srcset=\"https:\/\/www.fcschwand.de\/wp-content\/uploads\/2022\/08\/Esdo-Stock-Gruppe-2-A.-Hahn-80x80.jpg 80w, https:\/\/www.fcschwand.de\/wp-content\/uploads\/2022\/08\/Esdo-Stock-Gruppe-2-A.-Hahn-36x36.jpg 36w, https:\/\/www.fcschwand.de\/wp-content\/uploads\/2022\/08\/Esdo-Stock-Gruppe-2-A.-Hahn-180x180.jpg 180w\" sizes=\"(max-width: 80px) 100vw, 80px\" \/><\/a>\n\t\t\t<\/dt>\n\t\t\t\t<dd class='wp-caption-text gallery-caption' id='gallery-1-7503'>\n\t\t\t\tESDO\n\t\t\t\t<\/dd><\/dl><dl class='gallery-item'>\n\t\t\t<dt class='gallery-icon landscape'>\n\t\t\t\t<a href='https:\/\/www.fcschwand.de\/home\/2022\/08\/07\/sommerfest-2022\/femmes-fada-1-a-hahn\/'><img width=\"80\" height=\"80\" src=\"https:\/\/www.fcschwand.de\/wp-content\/uploads\/2022\/08\/Femmes-Fada-1-A.-Hahn-80x80.jpg\" class=\"avia-img-lazy-loading-7504 attachment-thumbnail size-thumbnail\" alt=\"\" loading=\"lazy\" aria-describedby=\"gallery-1-7504\" srcset=\"https:\/\/www.fcschwand.de\/wp-content\/uploads\/2022\/08\/Femmes-Fada-1-A.-Hahn-80x80.jpg 80w, https:\/\/www.fcschwand.de\/wp-content\/uploads\/2022\/08\/Femmes-Fada-1-A.-Hahn-36x36.jpg 36w, https:\/\/www.fcschwand.de\/wp-content\/uploads\/2022\/08\/Femmes-Fada-1-A.-Hahn-180x180.jpg 180w\" sizes=\"(max-width: 80px) 100vw, 80px\" \/><\/a>\n\t\t\t<\/dt>\n\t\t\t\t<dd class='wp-caption-text gallery-caption' id='gallery-1-7504'>\n\t\t\t\tFemmes Fada\n\t\t\t\t<\/dd><\/dl><dl class='gallery-item'>\n\t\t\t<dt class='gallery-icon landscape'>\n\t\t\t\t<a href='https:\/\/www.fcschwand.de\/home\/2022\/08\/07\/sommerfest-2022\/femmes-fada-1_klein_schlegel\/'><img width=\"80\" height=\"80\" src=\"https:\/\/www.fcschwand.de\/wp-content\/uploads\/2022\/08\/Femmes-Fada-1_klein_schlegel-80x80.jpg\" class=\"avia-img-lazy-loading-7505 attachment-thumbnail size-thumbnail\" alt=\"\" loading=\"lazy\" srcset=\"https:\/\/www.fcschwand.de\/wp-content\/uploads\/2022\/08\/Femmes-Fada-1_klein_schlegel-80x80.jpg 80w, https:\/\/www.fcschwand.de\/wp-content\/uploads\/2022\/08\/Femmes-Fada-1_klein_schlegel-36x36.jpg 36w, https:\/\/www.fcschwand.de\/wp-content\/uploads\/2022\/08\/Femmes-Fada-1_klein_schlegel-180x180.jpg 180w\" sizes=\"(max-width: 80px) 100vw, 80px\" \/><\/a>\n\t\t\t<\/dt><\/dl><dl class='gallery-item'>\n\t\t\t<dt class='gallery-icon landscape'>\n\t\t\t\t<a href='https:\/\/www.fcschwand.de\/home\/2022\/08\/07\/sommerfest-2022\/femmes-fada-2-a-hahn\/'><img width=\"80\" height=\"80\" src=\"https:\/\/www.fcschwand.de\/wp-content\/uploads\/2022\/08\/Femmes-Fada-2-A.-Hahn-80x80.jpg\" class=\"avia-img-lazy-loading-7506 attachment-thumbnail size-thumbnail\" alt=\"\" loading=\"lazy\" aria-describedby=\"gallery-1-7506\" srcset=\"https:\/\/www.fcschwand.de\/wp-content\/uploads\/2022\/08\/Femmes-Fada-2-A.-Hahn-80x80.jpg 80w, https:\/\/www.fcschwand.de\/wp-content\/uploads\/2022\/08\/Femmes-Fada-2-A.-Hahn-36x36.jpg 36w, https:\/\/www.fcschwand.de\/wp-content\/uploads\/2022\/08\/Femmes-Fada-2-A.-Hahn-180x180.jpg 180w\" sizes=\"(max-width: 80px) 100vw, 80px\" \/><\/a>\n\t\t\t<\/dt>\n\t\t\t\t<dd class='wp-caption-text gallery-caption' id='gallery-1-7506'>\n\t\t\t\tFemmes Fada\n\t\t\t\t<\/dd><\/dl><br style=\"clear: both\" \/><dl class='gallery-item'>\n\t\t\t<dt class='gallery-icon landscape'>\n\t\t\t\t<a href='https:\/\/www.fcschwand.de\/home\/2022\/08\/07\/sommerfest-2022\/femmes-fada-2_klein_schlegel\/'><img width=\"80\" height=\"80\" src=\"https:\/\/www.fcschwand.de\/wp-content\/uploads\/2022\/08\/Femmes-Fada-2_klein_schlegel-80x80.jpg\" class=\"avia-img-lazy-loading-7507 attachment-thumbnail size-thumbnail\" alt=\"\" loading=\"lazy\" aria-describedby=\"gallery-1-7507\" srcset=\"https:\/\/www.fcschwand.de\/wp-content\/uploads\/2022\/08\/Femmes-Fada-2_klein_schlegel-80x80.jpg 80w, https:\/\/www.fcschwand.de\/wp-content\/uploads\/2022\/08\/Femmes-Fada-2_klein_schlegel-36x36.jpg 36w, https:\/\/www.fcschwand.de\/wp-content\/uploads\/2022\/08\/Femmes-Fada-2_klein_schlegel-180x180.jpg 180w\" sizes=\"(max-width: 80px) 100vw, 80px\" \/><\/a>\n\t\t\t<\/dt>\n\t\t\t\t<dd class='wp-caption-text gallery-caption' id='gallery-1-7507'>\n\t\t\t\tFemmes Fada\n\t\t\t\t<\/dd><\/dl><dl class='gallery-item'>\n\t\t\t<dt class='gallery-icon landscape'>\n\t\t\t\t<a href='https:\/\/www.fcschwand.de\/home\/2022\/08\/07\/sommerfest-2022\/getraenke_klein_schlegel\/'><img width=\"80\" height=\"80\" src=\"https:\/\/www.fcschwand.de\/wp-content\/uploads\/2022\/08\/Getraenke_klein_schlegel-80x80.jpg\" class=\"avia-img-lazy-loading-7508 attachment-thumbnail size-thumbnail\" alt=\"\" loading=\"lazy\" aria-describedby=\"gallery-1-7508\" srcset=\"https:\/\/www.fcschwand.de\/wp-content\/uploads\/2022\/08\/Getraenke_klein_schlegel-80x80.jpg 80w, https:\/\/www.fcschwand.de\/wp-content\/uploads\/2022\/08\/Getraenke_klein_schlegel-36x36.jpg 36w, https:\/\/www.fcschwand.de\/wp-content\/uploads\/2022\/08\/Getraenke_klein_schlegel-180x180.jpg 180w\" sizes=\"(max-width: 80px) 100vw, 80px\" \/><\/a>\n\t\t\t<\/dt>\n\t\t\t\t<dd class='wp-caption-text gallery-caption' id='gallery-1-7508'>\n\t\t\t\tAufbau\n\t\t\t\t<\/dd><\/dl><dl class='gallery-item'>\n\t\t\t<dt class='gallery-icon landscape'>\n\t\t\t\t<a href='https:\/\/www.fcschwand.de\/home\/2022\/08\/07\/sommerfest-2022\/grill_klein_schlegel\/'><img width=\"80\" height=\"80\" src=\"https:\/\/www.fcschwand.de\/wp-content\/uploads\/2022\/08\/Grill_klein_schlegel-80x80.jpg\" class=\"avia-img-lazy-loading-7509 attachment-thumbnail size-thumbnail\" alt=\"\" loading=\"lazy\" aria-describedby=\"gallery-1-7509\" srcset=\"https:\/\/www.fcschwand.de\/wp-content\/uploads\/2022\/08\/Grill_klein_schlegel-80x80.jpg 80w, https:\/\/www.fcschwand.de\/wp-content\/uploads\/2022\/08\/Grill_klein_schlegel-36x36.jpg 36w, https:\/\/www.fcschwand.de\/wp-content\/uploads\/2022\/08\/Grill_klein_schlegel-180x180.jpg 180w\" sizes=\"(max-width: 80px) 100vw, 80px\" \/><\/a>\n\t\t\t<\/dt>\n\t\t\t\t<dd class='wp-caption-text gallery-caption' id='gallery-1-7509'>\n\t\t\t\tGrill\n\t\t\t\t<\/dd><\/dl><dl class='gallery-item'>\n\t\t\t<dt class='gallery-icon landscape'>\n\t\t\t\t<a href='https:\/\/www.fcschwand.de\/home\/2022\/08\/07\/sommerfest-2022\/hip-hop-1-a-hahn\/'><img width=\"80\" height=\"80\" src=\"https:\/\/www.fcschwand.de\/wp-content\/uploads\/2022\/08\/Hip-Hop-1-A.-Hahn-80x80.jpg\" class=\"avia-img-lazy-loading-7511 attachment-thumbnail size-thumbnail\" alt=\"\" loading=\"lazy\" aria-describedby=\"gallery-1-7511\" srcset=\"https:\/\/www.fcschwand.de\/wp-content\/uploads\/2022\/08\/Hip-Hop-1-A.-Hahn-80x80.jpg 80w, https:\/\/www.fcschwand.de\/wp-content\/uploads\/2022\/08\/Hip-Hop-1-A.-Hahn-36x36.jpg 36w, https:\/\/www.fcschwand.de\/wp-content\/uploads\/2022\/08\/Hip-Hop-1-A.-Hahn-180x180.jpg 180w\" sizes=\"(max-width: 80px) 100vw, 80px\" \/><\/a>\n\t\t\t<\/dt>\n\t\t\t\t<dd class='wp-caption-text gallery-caption' id='gallery-1-7511'>\n\t\t\t\tHIP-HOP\n\t\t\t\t<\/dd><\/dl><dl class='gallery-item'>\n\t\t\t<dt class='gallery-icon landscape'>\n\t\t\t\t<a href='https:\/\/www.fcschwand.de\/home\/2022\/08\/07\/sommerfest-2022\/hip-hop-4_klein_schlegel\/'><img width=\"80\" height=\"80\" src=\"https:\/\/www.fcschwand.de\/wp-content\/uploads\/2022\/08\/Hip-Hop-4_klein_schlegel-80x80.jpg\" class=\"avia-img-lazy-loading-7512 attachment-thumbnail size-thumbnail\" alt=\"\" loading=\"lazy\" aria-describedby=\"gallery-1-7512\" srcset=\"https:\/\/www.fcschwand.de\/wp-content\/uploads\/2022\/08\/Hip-Hop-4_klein_schlegel-80x80.jpg 80w, https:\/\/www.fcschwand.de\/wp-content\/uploads\/2022\/08\/Hip-Hop-4_klein_schlegel-36x36.jpg 36w, https:\/\/www.fcschwand.de\/wp-content\/uploads\/2022\/08\/Hip-Hop-4_klein_schlegel-180x180.jpg 180w\" sizes=\"(max-width: 80px) 100vw, 80px\" \/><\/a>\n\t\t\t<\/dt>\n\t\t\t\t<dd class='wp-caption-text gallery-caption' id='gallery-1-7512'>\n\t\t\t\tHIP-HOP\n\t\t\t\t<\/dd><\/dl><br style=\"clear: both\" \/><dl class='gallery-item'>\n\t\t\t<dt class='gallery-icon landscape'>\n\t\t\t\t<a href='https:\/\/www.fcschwand.de\/home\/2022\/08\/07\/sommerfest-2022\/hip-hop-6_klein_schlegel\/'><img width=\"80\" height=\"80\" src=\"https:\/\/www.fcschwand.de\/wp-content\/uploads\/2022\/08\/Hip-Hop-6_klein_schlegel-80x80.jpg\" class=\"avia-img-lazy-loading-7513 attachment-thumbnail size-thumbnail\" alt=\"\" loading=\"lazy\" aria-describedby=\"gallery-1-7513\" srcset=\"https:\/\/www.fcschwand.de\/wp-content\/uploads\/2022\/08\/Hip-Hop-6_klein_schlegel-80x80.jpg 80w, https:\/\/www.fcschwand.de\/wp-content\/uploads\/2022\/08\/Hip-Hop-6_klein_schlegel-36x36.jpg 36w, https:\/\/www.fcschwand.de\/wp-content\/uploads\/2022\/08\/Hip-Hop-6_klein_schlegel-180x180.jpg 180w\" sizes=\"(max-width: 80px) 100vw, 80px\" \/><\/a>\n\t\t\t<\/dt>\n\t\t\t\t<dd class='wp-caption-text gallery-caption' id='gallery-1-7513'>\n\t\t\t\tHIP-HOP\n\t\t\t\t<\/dd><\/dl><dl class='gallery-item'>\n\t\t\t<dt class='gallery-icon landscape'>\n\t\t\t\t<a href='https:\/\/www.fcschwand.de\/home\/2022\/08\/07\/sommerfest-2022\/kaffee-kuchen_klein_schlegel\/'><img width=\"80\" height=\"80\" src=\"https:\/\/www.fcschwand.de\/wp-content\/uploads\/2022\/08\/Kaffee-Kuchen_klein_schlegel-80x80.jpg\" class=\"avia-img-lazy-loading-7514 attachment-thumbnail size-thumbnail\" alt=\"\" loading=\"lazy\" srcset=\"https:\/\/www.fcschwand.de\/wp-content\/uploads\/2022\/08\/Kaffee-Kuchen_klein_schlegel-80x80.jpg 80w, https:\/\/www.fcschwand.de\/wp-content\/uploads\/2022\/08\/Kaffee-Kuchen_klein_schlegel-36x36.jpg 36w, https:\/\/www.fcschwand.de\/wp-content\/uploads\/2022\/08\/Kaffee-Kuchen_klein_schlegel-180x180.jpg 180w\" sizes=\"(max-width: 80px) 100vw, 80px\" \/><\/a>\n\t\t\t<\/dt><\/dl><dl class='gallery-item'>\n\t\t\t<dt class='gallery-icon landscape'>\n\t\t\t\t<a href='https:\/\/www.fcschwand.de\/home\/2022\/08\/07\/sommerfest-2022\/kuchen_klein_schlegel\/'><img width=\"80\" height=\"80\" src=\"https:\/\/www.fcschwand.de\/wp-content\/uploads\/2022\/08\/Kuchen_klein_schlegel-80x80.jpg\" class=\"avia-img-lazy-loading-7515 attachment-thumbnail size-thumbnail\" alt=\"\" loading=\"lazy\" aria-describedby=\"gallery-1-7515\" srcset=\"https:\/\/www.fcschwand.de\/wp-content\/uploads\/2022\/08\/Kuchen_klein_schlegel-80x80.jpg 80w, https:\/\/www.fcschwand.de\/wp-content\/uploads\/2022\/08\/Kuchen_klein_schlegel-36x36.jpg 36w, https:\/\/www.fcschwand.de\/wp-content\/uploads\/2022\/08\/Kuchen_klein_schlegel-180x180.jpg 180w\" sizes=\"(max-width: 80px) 100vw, 80px\" \/><\/a>\n\t\t\t<\/dt>\n\t\t\t\t<dd class='wp-caption-text gallery-caption' id='gallery-1-7515'>\n\t\t\t\tKaffee und Kuchen\n\t\t\t\t<\/dd><\/dl><dl class='gallery-item'>\n\t\t\t<dt class='gallery-icon landscape'>\n\t\t\t\t<a href='https:\/\/www.fcschwand.de\/home\/2022\/08\/07\/sommerfest-2022\/pois-2-a-hahn\/'><img width=\"80\" height=\"80\" src=\"https:\/\/www.fcschwand.de\/wp-content\/uploads\/2022\/08\/Pois-2-A.-Hahn-80x80.jpeg\" class=\"avia-img-lazy-loading-7517 attachment-thumbnail size-thumbnail\" alt=\"\" loading=\"lazy\" aria-describedby=\"gallery-1-7517\" srcset=\"https:\/\/www.fcschwand.de\/wp-content\/uploads\/2022\/08\/Pois-2-A.-Hahn-80x80.jpeg 80w, https:\/\/www.fcschwand.de\/wp-content\/uploads\/2022\/08\/Pois-2-A.-Hahn-36x36.jpeg 36w, https:\/\/www.fcschwand.de\/wp-content\/uploads\/2022\/08\/Pois-2-A.-Hahn-180x180.jpeg 180w\" sizes=\"(max-width: 80px) 100vw, 80px\" \/><\/a>\n\t\t\t<\/dt>\n\t\t\t\t<dd class='wp-caption-text gallery-caption' id='gallery-1-7517'>\n\t\t\t\tPois Dance\n\t\t\t\t<\/dd><\/dl><dl class='gallery-item'>\n\t\t\t<dt class='gallery-icon landscape'>\n\t\t\t\t<a href='https:\/\/www.fcschwand.de\/home\/2022\/08\/07\/sommerfest-2022\/pois-dance-1_klein_schlegel\/'><img width=\"80\" height=\"80\" src=\"https:\/\/www.fcschwand.de\/wp-content\/uploads\/2022\/08\/Pois-Dance-1_klein_schlegel-80x80.jpg\" class=\"avia-img-lazy-loading-7518 attachment-thumbnail size-thumbnail\" alt=\"\" loading=\"lazy\" aria-describedby=\"gallery-1-7518\" srcset=\"https:\/\/www.fcschwand.de\/wp-content\/uploads\/2022\/08\/Pois-Dance-1_klein_schlegel-80x80.jpg 80w, https:\/\/www.fcschwand.de\/wp-content\/uploads\/2022\/08\/Pois-Dance-1_klein_schlegel-36x36.jpg 36w, https:\/\/www.fcschwand.de\/wp-content\/uploads\/2022\/08\/Pois-Dance-1_klein_schlegel-180x180.jpg 180w\" sizes=\"(max-width: 80px) 100vw, 80px\" \/><\/a>\n\t\t\t<\/dt>\n\t\t\t\t<dd class='wp-caption-text gallery-caption' id='gallery-1-7518'>\n\t\t\t\tPois Dance\n\t\t\t\t<\/dd><\/dl><br style=\"clear: both\" \/><dl class='gallery-item'>\n\t\t\t<dt class='gallery-icon landscape'>\n\t\t\t\t<a href='https:\/\/www.fcschwand.de\/home\/2022\/08\/07\/sommerfest-2022\/pois-dance-3_klein_schlegel\/'><img width=\"80\" height=\"80\" src=\"https:\/\/www.fcschwand.de\/wp-content\/uploads\/2022\/08\/Pois-Dance-3_klein_schlegel-80x80.jpg\" class=\"avia-img-lazy-loading-7519 attachment-thumbnail size-thumbnail\" alt=\"\" loading=\"lazy\" aria-describedby=\"gallery-1-7519\" srcset=\"https:\/\/www.fcschwand.de\/wp-content\/uploads\/2022\/08\/Pois-Dance-3_klein_schlegel-80x80.jpg 80w, https:\/\/www.fcschwand.de\/wp-content\/uploads\/2022\/08\/Pois-Dance-3_klein_schlegel-36x36.jpg 36w, https:\/\/www.fcschwand.de\/wp-content\/uploads\/2022\/08\/Pois-Dance-3_klein_schlegel-180x180.jpg 180w\" sizes=\"(max-width: 80px) 100vw, 80px\" \/><\/a>\n\t\t\t<\/dt>\n\t\t\t\t<dd class='wp-caption-text gallery-caption' id='gallery-1-7519'>\n\t\t\t\tPois Dance\n\t\t\t\t<\/dd><\/dl><dl class='gallery-item'>\n\t\t\t<dt class='gallery-icon landscape'>\n\t\t\t\t<a href='https:\/\/www.fcschwand.de\/home\/2022\/08\/07\/sommerfest-2022\/spende-basar_klein_schlegel\/'><img width=\"80\" height=\"80\" src=\"https:\/\/www.fcschwand.de\/wp-content\/uploads\/2022\/08\/Spende-Basar_klein_schlegel-80x80.jpg\" class=\"avia-img-lazy-loading-7520 attachment-thumbnail size-thumbnail\" alt=\"\" loading=\"lazy\" aria-describedby=\"gallery-1-7520\" srcset=\"https:\/\/www.fcschwand.de\/wp-content\/uploads\/2022\/08\/Spende-Basar_klein_schlegel-80x80.jpg 80w, https:\/\/www.fcschwand.de\/wp-content\/uploads\/2022\/08\/Spende-Basar_klein_schlegel-36x36.jpg 36w, https:\/\/www.fcschwand.de\/wp-content\/uploads\/2022\/08\/Spende-Basar_klein_schlegel-180x180.jpg 180w\" sizes=\"(max-width: 80px) 100vw, 80px\" \/><\/a>\n\t\t\t<\/dt>\n\t\t\t\t<dd class='wp-caption-text gallery-caption' id='gallery-1-7520'>\n\t\t\t\tSpende vom Basar Frau Sporer und Frau Fischer\n\t\t\t\t<\/dd><\/dl>\n\t\t\t<br style='clear: both' \/>\n\t\t<\/div>\n\n","protected":false},"excerpt":{"rendered":"<p>Der 1. FC Schwand kann auf 95 Jahre Vereinsgeschichte zur\u00fcckblicken. Aus diesem Anlass richtete der Sportverein am Sonntag, den 17.07.2022 auf dem vereinseigenen Sportplatz ein Fest bei sommerlichen Temperaturen aus. Bei Kaffee und Kuchen, Leckeres vom Grill (Fu\u00dfballabt.), gek\u00fchlten Getr\u00e4nken (Handballabt.) und schattigen Sitzpl\u00e4tzen konnten die G\u00e4ste eine Vielzahl von Auff\u00fchrungen aus der Turnabteilung des [&hellip;]<\/p>\n","protected":false},"author":7,"featured_media":0,"comment_status":"open","ping_status":"closed","sticky":false,"template":"","format":"gallery","meta":[],"categories":[52],"tags":[],"yoast_head":"<!-- This site is optimized with the Yoast SEO plugin v15.9.2 - https:\/\/yoast.com\/wordpress\/plugins\/seo\/ -->\n<title>95 Jahre 1. FC Schwand - Gro\u00dfes Familien-Sommerfest - 1.FC Schwand<\/title>\n<meta name=\"description\" content=\"Sommerfest, Feier, 1.FC Schwand Sommerfest , Ehrung , Spende\" \/>\n<meta property=\"og:locale\" content=\"de_DE\" \/>\n<meta property=\"og:type\" content=\"article\" \/>\n<meta property=\"og:title\" content=\"95 Jahre 1. FC Schwand - Gro\u00dfes Familien-Sommerfest - 1.FC Schwand\" \/>\n<meta property=\"og:description\" content=\"Sommerfest, Feier, 1.FC Schwand Sommerfest , Ehrung , Spende\" \/>\n<meta property=\"og:url\" content=\"https:\/\/www.fcschwand.de\/home\/2022\/08\/07\/sommerfest-2022\/\" \/>\n<meta property=\"og:site_name\" content=\"1.FC Schwand\" \/>\n<meta property=\"article:published_time\" content=\"2022-08-07T08:35:13+00:00\" \/>\n<meta property=\"article:modified_time\" content=\"2022-08-07T18:51:43+00:00\" \/>\n<meta name=\"twitter:card\" content=\"summary\" \/>\n<meta name=\"twitter:label1\" content=\"Gesch\u00e4tzte Lesezeit\">\n\t<meta name=\"twitter:data1\" content=\"3\u00a0Minuten\">\n<script type=\"application\/ld+json\" class=\"yoast-schema-graph\">{\"@context\":\"https:\/\/schema.org\",\"@graph\":[{\"@type\":\"WebSite\",\"@id\":\"https:\/\/www.fcschwand.de\/home\/#website\",\"url\":\"https:\/\/www.fcschwand.de\/home\/\",\"name\":\"1.FC Schwand\",\"description\":\"Sport aus Leidenschaft\",\"potentialAction\":[{\"@type\":\"SearchAction\",\"target\":\"https:\/\/www.fcschwand.de\/home\/?s={search_term_string}\",\"query-input\":\"required name=search_term_string\"}],\"inLanguage\":\"de\"},{\"@type\":\"WebPage\",\"@id\":\"https:\/\/www.fcschwand.de\/home\/2022\/08\/07\/sommerfest-2022\/#webpage\",\"url\":\"https:\/\/www.fcschwand.de\/home\/2022\/08\/07\/sommerfest-2022\/\",\"name\":\"95 Jahre 1. FC Schwand - Gro\\u00dfes Familien-Sommerfest - 1.FC Schwand\",\"isPartOf\":{\"@id\":\"https:\/\/www.fcschwand.de\/home\/#website\"},\"datePublished\":\"2022-08-07T08:35:13+00:00\",\"dateModified\":\"2022-08-07T18:51:43+00:00\",\"author\":{\"@id\":\"https:\/\/www.fcschwand.de\/home\/#\/schema\/person\/ddb7a2b5d26609759a85b75a74d0c60d\"},\"description\":\"Sommerfest, Feier, 1.FC Schwand Sommerfest , Ehrung , Spende\",\"breadcrumb\":{\"@id\":\"https:\/\/www.fcschwand.de\/home\/2022\/08\/07\/sommerfest-2022\/#breadcrumb\"},\"inLanguage\":\"de\",\"potentialAction\":[{\"@type\":\"ReadAction\",\"target\":[\"https:\/\/www.fcschwand.de\/home\/2022\/08\/07\/sommerfest-2022\/\"]}]},{\"@type\":\"BreadcrumbList\",\"@id\":\"https:\/\/www.fcschwand.de\/home\/2022\/08\/07\/sommerfest-2022\/#breadcrumb\",\"itemListElement\":[{\"@type\":\"ListItem\",\"position\":1,\"item\":{\"@type\":\"WebPage\",\"@id\":\"https:\/\/www.fcschwand.de\/home\/1-fc-schwand-sportverein-2\/\",\"url\":\"https:\/\/www.fcschwand.de\/home\/1-fc-schwand-sportverein-2\/\",\"name\":\"Startseite\"}},{\"@type\":\"ListItem\",\"position\":2,\"item\":{\"@type\":\"WebPage\",\"@id\":\"https:\/\/www.fcschwand.de\/home\/2022\/08\/07\/sommerfest-2022\/\",\"url\":\"https:\/\/www.fcschwand.de\/home\/2022\/08\/07\/sommerfest-2022\/\",\"name\":\"95 Jahre 1. FC Schwand &#8211; Gro\\u00dfes Familien-Sommerfest\"}}]},{\"@type\":\"Person\",\"@id\":\"https:\/\/www.fcschwand.de\/home\/#\/schema\/person\/ddb7a2b5d26609759a85b75a74d0c60d\",\"name\":\"AlexHeinz\"}]}<\/script>\n<!-- \/ Yoast SEO plugin. -->","_links":{"self":[{"href":"https:\/\/www.fcschwand.de\/home\/wp-json\/wp\/v2\/posts\/7437"}],"collection":[{"href":"https:\/\/www.fcschwand.de\/home\/wp-json\/wp\/v2\/posts"}],"about":[{"href":"https:\/\/www.fcschwand.de\/home\/wp-json\/wp\/v2\/types\/post"}],"author":[{"embeddable":true,"href":"https:\/\/www.fcschwand.de\/home\/wp-json\/wp\/v2\/users\/7"}],"replies":[{"embeddable":true,"href":"https:\/\/www.fcschwand.de\/home\/wp-json\/wp\/v2\/comments?post=7437"}],"version-history":[{"count":5,"href":"https:\/\/www.fcschwand.de\/home\/wp-json\/wp\/v2\/posts\/7437\/revisions"}],"predecessor-version":[{"id":7524,"href":"https:\/\/www.fcschwand.de\/home\/wp-json\/wp\/v2\/posts\/7437\/revisions\/7524"}],"wp:attachment":[{"href":"https:\/\/www.fcschwand.de\/home\/wp-json\/wp\/v2\/media?parent=7437"}],"wp:term":[{"taxonomy":"category","embeddable":true,"href":"https:\/\/www.fcschwand.de\/home\/wp-json\/wp\/v2\/categories?post=7437"},{"taxonomy":"post_tag","embeddable":true,"href":"https:\/\/www.fcschwand.de\/home\/wp-json\/wp\/v2\/tags?post=7437"}],"curies":[{"name":"wp","href":"https:\/\/api.w.org\/{rel}","templated":true}]}}