{"id":7346,"date":"2022-08-07T12:00:25","date_gmt":"2022-08-07T10:00:25","guid":{"rendered":"https:\/\/www.fcschwand.de\/?p=7346"},"modified":"2022-08-07T21:02:48","modified_gmt":"2022-08-07T19:02:48","slug":"akrobatik-abschlussfest-akrobatikgruppe","status":"publish","type":"post","link":"https:\/\/www.fcschwand.de\/home\/2022\/08\/07\/akrobatik-abschlussfest-akrobatikgruppe\/","title":{"rendered":"Feucht-fr\u00f6hliches Abschlussfest der Akrobatikgruppe"},"content":{"rendered":"\n\t\t<style type=\"text\/css\">\n\t\t\t#gallery-1 {\n\t\t\t\tmargin: auto;\n\t\t\t}\n\t\t\t#gallery-1 .gallery-item {\n\t\t\t\tfloat: left;\n\t\t\t\tmargin-top: 10px;\n\t\t\t\ttext-align: center;\n\t\t\t\twidth: 50%;\n\t\t\t}\n\t\t\t#gallery-1 img {\n\t\t\t\tborder: 2px solid #cfcfcf;\n\t\t\t}\n\t\t\t#gallery-1 .gallery-caption {\n\t\t\t\tmargin-left: 0;\n\t\t\t}\n\t\t\t\/* see gallery_shortcode() in wp-includes\/media.php *\/\n\t\t<\/style>\n\t\t<div id='gallery-1' class='gallery galleryid-7346 gallery-columns-2 gallery-size-medium'><dl class='gallery-item'>\n\t\t\t<dt class='gallery-icon landscape'>\n\t\t\t\t<a href='https:\/\/www.fcschwand.de\/home\/seil\/'><img width=\"300\" height=\"192\" src=\"https:\/\/www.fcschwand.de\/wp-content\/uploads\/2022\/08\/Seil-300x192.jpg\" class=\"avia-img-lazy-loading-7527 attachment-medium size-medium\" alt=\"\" loading=\"lazy\" aria-describedby=\"gallery-1-7527\" srcset=\"https:\/\/www.fcschwand.de\/wp-content\/uploads\/2022\/08\/Seil-300x192.jpg 300w, https:\/\/www.fcschwand.de\/wp-content\/uploads\/2022\/08\/Seil.jpg 552w\" sizes=\"(max-width: 300px) 100vw, 300px\" \/><\/a>\n\t\t\t<\/dt>\n\t\t\t\t<dd class='wp-caption-text gallery-caption' id='gallery-1-7527'>\n\t\t\t\tSeilspringen\n\t\t\t\t<\/dd><\/dl><dl class='gallery-item'>\n\t\t\t<dt class='gallery-icon portrait'>\n\t\t\t\t<a href='https:\/\/www.fcschwand.de\/home\/essen\/'><img width=\"225\" height=\"300\" src=\"https:\/\/www.fcschwand.de\/wp-content\/uploads\/2022\/08\/Essen-225x300.jpeg\" class=\"avia-img-lazy-loading-7526 attachment-medium size-medium\" alt=\"\" loading=\"lazy\" aria-describedby=\"gallery-1-7526\" srcset=\"https:\/\/www.fcschwand.de\/wp-content\/uploads\/2022\/08\/Essen-225x300.jpeg 225w, https:\/\/www.fcschwand.de\/wp-content\/uploads\/2022\/08\/Essen-773x1030.jpeg 773w, https:\/\/www.fcschwand.de\/wp-content\/uploads\/2022\/08\/Essen-768x1024.jpeg 768w, https:\/\/www.fcschwand.de\/wp-content\/uploads\/2022\/08\/Essen-1152x1536.jpeg 1152w, https:\/\/www.fcschwand.de\/wp-content\/uploads\/2022\/08\/Essen-1125x1500.jpeg 1125w, https:\/\/www.fcschwand.de\/wp-content\/uploads\/2022\/08\/Essen-529x705.jpeg 529w, https:\/\/www.fcschwand.de\/wp-content\/uploads\/2022\/08\/Essen.jpeg 1200w\" sizes=\"(max-width: 225px) 100vw, 225px\" \/><\/a>\n\t\t\t<\/dt>\n\t\t\t\t<dd class='wp-caption-text gallery-caption' id='gallery-1-7526'>\n\t\t\t\tEssen\n\t\t\t\t<\/dd><\/dl><br style=\"clear: both\" \/><dl class='gallery-item'>\n\t\t\t<dt class='gallery-icon landscape'>\n\t\t\t\t<a href='https:\/\/www.fcschwand.de\/home\/2022\/08\/07\/sommerfest-2022\/twister\/'><img width=\"300\" height=\"225\" src=\"https:\/\/www.fcschwand.de\/wp-content\/uploads\/2022\/08\/Twister-300x225.jpg\" class=\"avia-img-lazy-loading-7521 attachment-medium size-medium\" alt=\"\" loading=\"lazy\" aria-describedby=\"gallery-1-7521\" srcset=\"https:\/\/www.fcschwand.de\/wp-content\/uploads\/2022\/08\/Twister-300x225.jpg 300w, https:\/\/www.fcschwand.de\/wp-content\/uploads\/2022\/08\/Twister-1030x773.jpg 1030w, https:\/\/www.fcschwand.de\/wp-content\/uploads\/2022\/08\/Twister-768x576.jpg 768w, https:\/\/www.fcschwand.de\/wp-content\/uploads\/2022\/08\/Twister-1536x1152.jpg 1536w, https:\/\/www.fcschwand.de\/wp-content\/uploads\/2022\/08\/Twister-1500x1125.jpg 1500w, https:\/\/www.fcschwand.de\/wp-content\/uploads\/2022\/08\/Twister-705x529.jpg 705w, https:\/\/www.fcschwand.de\/wp-content\/uploads\/2022\/08\/Twister.jpg 2016w\" sizes=\"(max-width: 300px) 100vw, 300px\" \/><\/a>\n\t\t\t<\/dt>\n\t\t\t\t<dd class='wp-caption-text gallery-caption' id='gallery-1-7521'>\n\t\t\t\tTwister\n\t\t\t\t<\/dd><\/dl><dl class='gallery-item'>\n\t\t\t<dt class='gallery-icon landscape'>\n\t\t\t\t<a href='https:\/\/www.fcschwand.de\/home\/2022\/08\/07\/sommerfest-2022\/picknick\/'><img width=\"300\" height=\"225\" src=\"https:\/\/www.fcschwand.de\/wp-content\/uploads\/2022\/08\/Picknick-300x225.jpg\" class=\"avia-img-lazy-loading-7516 attachment-medium size-medium\" alt=\"\" loading=\"lazy\" aria-describedby=\"gallery-1-7516\" srcset=\"https:\/\/www.fcschwand.de\/wp-content\/uploads\/2022\/08\/Picknick-300x225.jpg 300w, https:\/\/www.fcschwand.de\/wp-content\/uploads\/2022\/08\/Picknick-1030x773.jpg 1030w, https:\/\/www.fcschwand.de\/wp-content\/uploads\/2022\/08\/Picknick-768x576.jpg 768w, https:\/\/www.fcschwand.de\/wp-content\/uploads\/2022\/08\/Picknick-1536x1152.jpg 1536w, https:\/\/www.fcschwand.de\/wp-content\/uploads\/2022\/08\/Picknick-1500x1125.jpg 1500w, https:\/\/www.fcschwand.de\/wp-content\/uploads\/2022\/08\/Picknick-705x529.jpg 705w, https:\/\/www.fcschwand.de\/wp-content\/uploads\/2022\/08\/Picknick.jpg 2016w\" sizes=\"(max-width: 300px) 100vw, 300px\" \/><\/a>\n\t\t\t<\/dt>\n\t\t\t\t<dd class='wp-caption-text gallery-caption' id='gallery-1-7516'>\n\t\t\t\tPicknick\n\t\t\t\t<\/dd><\/dl><br style=\"clear: both\" \/><dl class='gallery-item'>\n\t\t\t<dt class='gallery-icon landscape'>\n\t\t\t\t<a href='https:\/\/www.fcschwand.de\/home\/2022\/08\/07\/sommerfest-2022\/heisse-kartoffel\/'><img width=\"300\" height=\"225\" src=\"https:\/\/www.fcschwand.de\/wp-content\/uploads\/2022\/08\/Heisse-Kartoffel-300x225.jpg\" class=\"avia-img-lazy-loading-7510 attachment-medium size-medium\" alt=\"\" loading=\"lazy\" aria-describedby=\"gallery-1-7510\" srcset=\"https:\/\/www.fcschwand.de\/wp-content\/uploads\/2022\/08\/Heisse-Kartoffel-300x225.jpg 300w, https:\/\/www.fcschwand.de\/wp-content\/uploads\/2022\/08\/Heisse-Kartoffel-1030x773.jpg 1030w, https:\/\/www.fcschwand.de\/wp-content\/uploads\/2022\/08\/Heisse-Kartoffel-768x576.jpg 768w, https:\/\/www.fcschwand.de\/wp-content\/uploads\/2022\/08\/Heisse-Kartoffel-1536x1152.jpg 1536w, https:\/\/www.fcschwand.de\/wp-content\/uploads\/2022\/08\/Heisse-Kartoffel-1500x1125.jpg 1500w, https:\/\/www.fcschwand.de\/wp-content\/uploads\/2022\/08\/Heisse-Kartoffel-705x529.jpg 705w, https:\/\/www.fcschwand.de\/wp-content\/uploads\/2022\/08\/Heisse-Kartoffel.jpg 2016w\" sizes=\"(max-width: 300px) 100vw, 300px\" \/><\/a>\n\t\t\t<\/dt>\n\t\t\t\t<dd class='wp-caption-text gallery-caption' id='gallery-1-7510'>\n\t\t\t\tHeisse Kartoffel\n\t\t\t\t<\/dd><\/dl><dl class='gallery-item'>\n\t\t\t<dt class='gallery-icon portrait'>\n\t\t\t\t<a href='https:\/\/www.fcschwand.de\/home\/2022\/08\/07\/sommerfest-2022\/big-foot\/'><img width=\"225\" height=\"300\" src=\"https:\/\/www.fcschwand.de\/wp-content\/uploads\/2022\/08\/Big-Foot-225x300.jpg\" class=\"avia-img-lazy-loading-7490 attachment-medium size-medium\" alt=\"\" loading=\"lazy\" aria-describedby=\"gallery-1-7490\" srcset=\"https:\/\/www.fcschwand.de\/wp-content\/uploads\/2022\/08\/Big-Foot-225x300.jpg 225w, https:\/\/www.fcschwand.de\/wp-content\/uploads\/2022\/08\/Big-Foot-773x1030.jpg 773w, https:\/\/www.fcschwand.de\/wp-content\/uploads\/2022\/08\/Big-Foot-768x1024.jpg 768w, https:\/\/www.fcschwand.de\/wp-content\/uploads\/2022\/08\/Big-Foot-1152x1536.jpg 1152w, https:\/\/www.fcschwand.de\/wp-content\/uploads\/2022\/08\/Big-Foot-1125x1500.jpg 1125w, https:\/\/www.fcschwand.de\/wp-content\/uploads\/2022\/08\/Big-Foot-529x705.jpg 529w, https:\/\/www.fcschwand.de\/wp-content\/uploads\/2022\/08\/Big-Foot.jpg 1512w\" sizes=\"(max-width: 225px) 100vw, 225px\" \/><\/a>\n\t\t\t<\/dt>\n\t\t\t\t<dd class='wp-caption-text gallery-caption' id='gallery-1-7490'>\n\t\t\t\tBig Food\n\t\t\t\t<\/dd><\/dl><br style=\"clear: both\" \/>\n\t\t<\/div>\n\n<p><span dir=\"ltr\" role=\"presentation\">Am letzten Dienstag vor den gro\u00dfen Sommerferien trafen sich die Trainer und M\u00e4dels<\/span><br role=\"presentation\" \/><span dir=\"ltr\" role=\"presentation\">der Akrobatikgruppe \u201eLet`s go \u2013 Let`s do\u201c zu einem feucht-fr\u00f6hlichen Abschlusstraining.<\/span><br role=\"presentation\" \/><span dir=\"ltr\" role=\"presentation\">Auf der Wiese im Further Wald von Trainer Dominik wurden Picknickdecken ausgebreitet, leckere <\/span><br role=\"presentation\" \/><span dir=\"ltr\" role=\"presentation\">Fingerfood-K\u00f6stlichkeiten aufgebaut und lustige Spiele vorbereitet.<\/span><br role=\"presentation\" \/><span dir=\"ltr\" role=\"presentation\">Das Trainerteam hatte vorab einen Pavillon und einige Spielstationen aufgebaut.<\/span><br role=\"presentation\" \/><span dir=\"ltr\" role=\"presentation\">Die M\u00e4dels konnten sich an Federball, Frisbee, Twister, Balancekegel, Bodenl\u00e4ufer und Indiaka <\/span><br role=\"presentation\" \/><span dir=\"ltr\" role=\"presentation\">ausprobieren.<\/span><br role=\"presentation\" \/><span dir=\"ltr\" role=\"presentation\">Zwischendurch gab es k\u00fchle Getr\u00e4nke und leckere Spie\u00dfe, W\u00fcrstchen und einiges mehr.<\/span><br role=\"presentation\" \/><span dir=\"ltr\" role=\"presentation\">Gemeinsame Spiele gab es auch. Ein lustiges Big-Foot Rennen stand auf dem Plan und ein feucht-<\/span><br role=\"presentation\" \/><span dir=\"ltr\" role=\"presentation\">fr\u00f6hliches \u201eHei\u00dfe Kartoffel\u201c Spiel. Die \u201eHei\u00dfe Kartoffel\u201c war in diesem Fall eine Wasserbombe, <\/span><br role=\"presentation\" \/><span dir=\"ltr\" role=\"presentation\">welche reihum zugeworfen wurde. Viele blieben nicht trocken und der Wasserbombenvorrat <\/span><br role=\"presentation\" \/><span dir=\"ltr\" role=\"presentation\">schrumpfte sehr schnell.<\/span><br role=\"presentation\" \/><span dir=\"ltr\" role=\"presentation\">Beim Seilspringen mit der Zauberschnur h\u00fcpften sich dann alle wieder trocken.<\/span><br role=\"presentation\" \/><span dir=\"ltr\" role=\"presentation\">Langsam neigte sich der Nachmittag zum Ende und mit einem Luftballontier, <\/span><br role=\"presentation\" \/><span dir=\"ltr\" role=\"presentation\">einem kleinen Geschenk und einer personalisierte Fotocollage vom Auftritt auf dem Sommerfest <\/span><br role=\"presentation\" \/><span dir=\"ltr\" role=\"presentation\">des 1. FC Schwand verabschiedete man sich in die gro\u00dfen Ferien.<\/span><br role=\"presentation\" \/><span dir=\"ltr\" role=\"presentation\">Wir freuen uns auf den Trainingsstart im September!<\/span><br role=\"presentation\" \/><span dir=\"ltr\" role=\"presentation\">Euer Trainerteam<\/span><br role=\"presentation\" \/><span dir=\"ltr\" role=\"presentation\">Saskia, Dominik, Ulrike, Uschi und Romi<\/span><\/p>\n","protected":false},"excerpt":{"rendered":"<p>Am letzten Dienstag vor den gro\u00dfen Sommerferien trafen sich die Trainer und M\u00e4delsder Akrobatikgruppe \u201eLet`s go \u2013 Let`s do\u201c zu einem feucht-fr\u00f6hlichen Abschlusstraining.Auf der Wiese im Further Wald von Trainer Dominik wurden Picknickdecken ausgebreitet, leckere Fingerfood-K\u00f6stlichkeiten aufgebaut und lustige Spiele vorbereitet.Das Trainerteam hatte vorab einen Pavillon und einige Spielstationen aufgebaut.Die M\u00e4dels konnten sich an Federball, [&hellip;]<\/p>\n","protected":false},"author":7,"featured_media":7516,"comment_status":"open","ping_status":"closed","sticky":false,"template":"","format":"image","meta":[],"categories":[52],"tags":[],"yoast_head":"<!-- This site is optimized with the Yoast SEO plugin v15.9.2 - https:\/\/yoast.com\/wordpress\/plugins\/seo\/ -->\n<title>Feucht-fr\u00f6hliches Abschlussfest der Akrobatikgruppe - 1.FC Schwand<\/title>\n<meta property=\"og:locale\" content=\"de_DE\" \/>\n<meta property=\"og:type\" content=\"article\" \/>\n<meta property=\"og:title\" content=\"Feucht-fr\u00f6hliches Abschlussfest der Akrobatikgruppe - 1.FC Schwand\" \/>\n<meta property=\"og:description\" content=\"Am letzten Dienstag vor den gro\u00dfen Sommerferien trafen sich die Trainer und M\u00e4delsder Akrobatikgruppe \u201eLet`s go \u2013 Let`s do\u201c zu einem feucht-fr\u00f6hlichen Abschlusstraining.Auf der Wiese im Further Wald von Trainer Dominik wurden Picknickdecken ausgebreitet, leckere Fingerfood-K\u00f6stlichkeiten aufgebaut und lustige Spiele vorbereitet.Das Trainerteam hatte vorab einen Pavillon und einige Spielstationen aufgebaut.Die M\u00e4dels konnten sich an Federball, [&hellip;]\" \/>\n<meta property=\"og:url\" content=\"https:\/\/www.fcschwand.de\/home\/2022\/08\/07\/akrobatik-abschlussfest-akrobatikgruppe\/\" \/>\n<meta property=\"og:site_name\" content=\"1.FC Schwand\" \/>\n<meta property=\"article:published_time\" content=\"2022-08-07T10:00:25+00:00\" \/>\n<meta property=\"article:modified_time\" content=\"2022-08-07T19:02:48+00:00\" \/>\n<meta property=\"og:image\" content=\"https:\/\/www.fcschwand.de\/wp-content\/uploads\/2022\/08\/Picknick.jpg\" \/>\n\t<meta property=\"og:image:width\" content=\"2016\" \/>\n\t<meta property=\"og:image:height\" content=\"1512\" \/>\n<meta name=\"twitter:card\" content=\"summary\" \/>\n<meta name=\"twitter:label1\" content=\"Gesch\u00e4tzte Lesezeit\">\n\t<meta name=\"twitter:data1\" content=\"1\u00a0Minute\">\n<script type=\"application\/ld+json\" class=\"yoast-schema-graph\">{\"@context\":\"https:\/\/schema.org\",\"@graph\":[{\"@type\":\"WebSite\",\"@id\":\"https:\/\/www.fcschwand.de\/home\/#website\",\"url\":\"https:\/\/www.fcschwand.de\/home\/\",\"name\":\"1.FC Schwand\",\"description\":\"Sport aus Leidenschaft\",\"potentialAction\":[{\"@type\":\"SearchAction\",\"target\":\"https:\/\/www.fcschwand.de\/home\/?s={search_term_string}\",\"query-input\":\"required name=search_term_string\"}],\"inLanguage\":\"de\"},{\"@type\":\"ImageObject\",\"@id\":\"https:\/\/www.fcschwand.de\/home\/2022\/08\/07\/akrobatik-abschlussfest-akrobatikgruppe\/#primaryimage\",\"inLanguage\":\"de\",\"url\":\"https:\/\/www.fcschwand.de\/wp-content\/uploads\/2022\/08\/Picknick.jpg\",\"width\":2016,\"height\":1512,\"caption\":\"Picknick\"},{\"@type\":\"WebPage\",\"@id\":\"https:\/\/www.fcschwand.de\/home\/2022\/08\/07\/akrobatik-abschlussfest-akrobatikgruppe\/#webpage\",\"url\":\"https:\/\/www.fcschwand.de\/home\/2022\/08\/07\/akrobatik-abschlussfest-akrobatikgruppe\/\",\"name\":\"Feucht-fr\\u00f6hliches Abschlussfest der Akrobatikgruppe - 1.FC Schwand\",\"isPartOf\":{\"@id\":\"https:\/\/www.fcschwand.de\/home\/#website\"},\"primaryImageOfPage\":{\"@id\":\"https:\/\/www.fcschwand.de\/home\/2022\/08\/07\/akrobatik-abschlussfest-akrobatikgruppe\/#primaryimage\"},\"datePublished\":\"2022-08-07T10:00:25+00:00\",\"dateModified\":\"2022-08-07T19:02:48+00:00\",\"author\":{\"@id\":\"https:\/\/www.fcschwand.de\/home\/#\/schema\/person\/ddb7a2b5d26609759a85b75a74d0c60d\"},\"breadcrumb\":{\"@id\":\"https:\/\/www.fcschwand.de\/home\/2022\/08\/07\/akrobatik-abschlussfest-akrobatikgruppe\/#breadcrumb\"},\"inLanguage\":\"de\",\"potentialAction\":[{\"@type\":\"ReadAction\",\"target\":[\"https:\/\/www.fcschwand.de\/home\/2022\/08\/07\/akrobatik-abschlussfest-akrobatikgruppe\/\"]}]},{\"@type\":\"BreadcrumbList\",\"@id\":\"https:\/\/www.fcschwand.de\/home\/2022\/08\/07\/akrobatik-abschlussfest-akrobatikgruppe\/#breadcrumb\",\"itemListElement\":[{\"@type\":\"ListItem\",\"position\":1,\"item\":{\"@type\":\"WebPage\",\"@id\":\"https:\/\/www.fcschwand.de\/home\/1-fc-schwand-sportverein-2\/\",\"url\":\"https:\/\/www.fcschwand.de\/home\/1-fc-schwand-sportverein-2\/\",\"name\":\"Startseite\"}},{\"@type\":\"ListItem\",\"position\":2,\"item\":{\"@type\":\"WebPage\",\"@id\":\"https:\/\/www.fcschwand.de\/home\/2022\/08\/07\/akrobatik-abschlussfest-akrobatikgruppe\/\",\"url\":\"https:\/\/www.fcschwand.de\/home\/2022\/08\/07\/akrobatik-abschlussfest-akrobatikgruppe\/\",\"name\":\"Feucht-fr\\u00f6hliches Abschlussfest der Akrobatikgruppe\"}}]},{\"@type\":\"Person\",\"@id\":\"https:\/\/www.fcschwand.de\/home\/#\/schema\/person\/ddb7a2b5d26609759a85b75a74d0c60d\",\"name\":\"AlexHeinz\"}]}<\/script>\n<!-- \/ Yoast SEO plugin. -->","_links":{"self":[{"href":"https:\/\/www.fcschwand.de\/home\/wp-json\/wp\/v2\/posts\/7346"}],"collection":[{"href":"https:\/\/www.fcschwand.de\/home\/wp-json\/wp\/v2\/posts"}],"about":[{"href":"https:\/\/www.fcschwand.de\/home\/wp-json\/wp\/v2\/types\/post"}],"author":[{"embeddable":true,"href":"https:\/\/www.fcschwand.de\/home\/wp-json\/wp\/v2\/users\/7"}],"replies":[{"embeddable":true,"href":"https:\/\/www.fcschwand.de\/home\/wp-json\/wp\/v2\/comments?post=7346"}],"version-history":[{"count":5,"href":"https:\/\/www.fcschwand.de\/home\/wp-json\/wp\/v2\/posts\/7346\/revisions"}],"predecessor-version":[{"id":7530,"href":"https:\/\/www.fcschwand.de\/home\/wp-json\/wp\/v2\/posts\/7346\/revisions\/7530"}],"wp:featuredmedia":[{"embeddable":true,"href":"https:\/\/www.fcschwand.de\/home\/wp-json\/wp\/v2\/media\/7516"}],"wp:attachment":[{"href":"https:\/\/www.fcschwand.de\/home\/wp-json\/wp\/v2\/media?parent=7346"}],"wp:term":[{"taxonomy":"category","embeddable":true,"href":"https:\/\/www.fcschwand.de\/home\/wp-json\/wp\/v2\/categories?post=7346"},{"taxonomy":"post_tag","embeddable":true,"href":"https:\/\/www.fcschwand.de\/home\/wp-json\/wp\/v2\/tags?post=7346"}],"curies":[{"name":"wp","href":"https:\/\/api.w.org\/{rel}","templated":true}]}}