{"id":7170,"date":"2021-12-07T20:27:25","date_gmt":"2021-12-07T19:27:25","guid":{"rendered":"https:\/\/www.fcschwand.de\/?p=7170"},"modified":"2021-12-07T20:28:35","modified_gmt":"2021-12-07T19:28:35","slug":"was-die-kleinen-koennen-koennen-wir-schon-lang-2","status":"publish","type":"post","link":"https:\/\/www.fcschwand.de\/home\/2021\/12\/07\/was-die-kleinen-koennen-koennen-wir-schon-lang-2\/","title":{"rendered":"20 Jahre Femmes Fada!"},"content":{"rendered":"<div  style='padding-bottom:10px; ' class='av-special-heading av-special-heading-h3    avia-builder-el-0  el_before_av_textblock  avia-builder-el-first  '><h3 class='av-special-heading-tag '  itemprop=\"headline\"  >20 Jahre Femmes Fada!<\/h3><div class='special-heading-border'><div class='special-heading-inner-border' ><\/div><\/div><\/div>\n<section class=\"av_textblock_section \"  itemscope=\"itemscope\" itemtype=\"https:\/\/schema.org\/BlogPosting\" itemprop=\"blogPost\" ><div class='avia_textblock  '   itemprop=\"text\" ><div class=\"c pg-1x1 pg-1y1 pg-1w2 pg-1h2\">\n<div id=\"pf1\" class=\"dp-page-outer\">\n<div class=\"dp-page-inner\">\n<div id=\"pg-1pf1\" class=\"pf pg-1w0 pg-1h0\">\n<div class=\"pc pg-1pc1 pg-1w0 pg-1h0\">\n<div class=\"c pg-1x0 pg-1y0 pg-1w1 pg-1h1\">\n<div class=\"t pg-1m0 pg-1x1 pg-1h2 pg-1y1 pg-1ff1 pg-1fs0 pg-1fc0 pg-1sc0 pg-1ls0 pg-1ws0\">20 Jahre Femmes Fada!<\/div>\n<div><\/div>\n<div class=\"t pg-1m0 pg-1x1 pg-1h2 pg-1y2 pg-1ff1 pg-1fs0 pg-1fc0 pg-1sc0 pg-1ls0 pg-1ws0\">Bereits seit 20 Jahren besteht nun die Showtanzgruppe Femmes Fada, das ist schon etwas<\/div>\n<div class=\"t pg-1m0 pg-1x1 pg-1h2 pg-1y3 pg-1ff1 pg-1fs0 pg-1fc0 pg-1sc0 pg-1ls0 pg-1ws0\">Besonderes und sollte gefeiert werden \u2013 und das wurde es auch!<\/div>\n<div><\/div>\n<div class=\"t pg-1m0 pg-1x1 pg-1h2 pg-1y4 pg-1ff1 pg-1fs0 pg-1fc0 pg-1sc0 pg-1ls0 pg-1ws0\">Am 12. November traf sich nach Einbruch der Dunkelheit eine lustige Gruppe von 30 Frauen,<\/div>\n<div class=\"t pg-1m0 pg-1x1 pg-1h2 pg-1y5 pg-1ff1 pg-1fs0 pg-1fc0 pg-1sc0 pg-1ls0 pg-1ws0\">darunter aktive und ehemalige T\u00e4nzerinnen und machte sich dick eingemummelt und fr\u00f6hlich<\/div>\n<div class=\"t pg-1m0 pg-1x1 pg-1h2 pg-1y6 pg-1ff1 pg-1fs0 pg-1fc0 pg-1sc0 pg-1ls0 pg-1ws0\">quatschend auf den Weg nach Furth. Richtig dunkel war es im Wald, doch das bemerkte kaum<\/div>\n<div class=\"t pg-1m0 pg-1x1 pg-1h2 pg-1y7 pg-1ff1 pg-1fs0 pg-1fc0 pg-1sc0 pg-1ls0 pg-1ws0\">jemand, denn alle Teilnehmerinnen genossen sichtlich das Beisammensein.<\/div>\n<div><\/div>\n<div class=\"t pg-1m0 pg-1x1 pg-1h2 pg-1y8 pg-1ff1 pg-1fs0 pg-1fc0 pg-1sc0 pg-1ls0 pg-1ws0\">Perfekt organisiert erwartete uns das Gl\u00fchwein-Mobil am Start und Wendepunkt mit w\u00e4rmendem<\/div>\n<div class=\"t pg-1m0 pg-1x1 pg-1h2 pg-1y9 pg-1ff1 pg-1fs0 pg-1fc0 pg-1sc0 pg-1ls0 pg-1ws0\">Punsch und Gl\u00fchwein. So gest\u00e4rkt, konnte uns die kalte Winterluft nichts anhaben und alle M\u00e4dels<\/div>\n<div class=\"t pg-1m0 pg-1x1 pg-1h2 pg-1ya pg-1ff1 pg-1fs0 pg-1fc0 pg-1sc0 pg-1ls0 pg-1ws0\">waren bester Stimmung.<\/div>\n<div><\/div>\n<div class=\"t pg-1m0 pg-1x1 pg-1h2 pg-1yb pg-1ff1 pg-1fs0 pg-1fc0 pg-1sc0 pg-1ls0 pg-1ws0\">Zur\u00fcck bei Yvi in heimischen Gefilden, erwartete uns bereits der leckere Duft von gegrillten<\/div>\n<div class=\"t pg-1m0 pg-1x1 pg-1h2 pg-1yc pg-1ff1 pg-1fs0 pg-1fc0 pg-1sc0 pg-1ls0 pg-1ws0\">Bratw\u00fcrstchen und Nachschub an warmen Getr\u00e4nken. Ein herzlicher Dank an die flei\u00dfigen M\u00e4nner,<\/div>\n<div class=\"t pg-1m0 pg-1x1 pg-1h2 pg-1yd pg-1ff1 pg-1fs0 pg-1fc0 pg-1sc0 pg-1ls0 pg-1ws0\">die w\u00e4hrend unserer kleinen Wanderung alles so toll vorbereitet haben.<\/div>\n<div><\/div>\n<div class=\"t pg-1m0 pg-1x1 pg-1h2 pg-1ye pg-1ff1 pg-1fs0 pg-1fc0 pg-1sc0 pg-1ls0 pg-1ws0\">Im w\u00e4rmenden Schein zweier Feuerschalen sa\u00dfen alle noch lange gem\u00fctliche beisammen, dank<\/div>\n<div class=\"t pg-1m0 pg-1x1 pg-1h2 pg-1yf pg-1ff1 pg-1fs0 pg-1fc0 pg-1sc0 pg-1ls0 pg-1ws0\">Einhaltung der 3G-Regelung auch vollkommen unbesorgt. Unsere Yvi w\u00e4re nicht Yvi, wenn es<\/div>\n<div class=\"t pg-1m0 pg-1x1 pg-1h2 pg-1y10 pg-1ff1 pg-1fs0 pg-1fc0 pg-1sc0 pg-1ls0 pg-1ws0\">nichts als I-T\u00fcpfelchens dieser sch\u00f6nen Veranstaltung noch eine spontane Tanzdarbietung von<\/div>\n<div class=\"t pg-1m0 pg-1x1 pg-1h2 pg-1y11 pg-1ff1 pg-1fs0 pg-1fc0 pg-1sc0 pg-1ls0 pg-1ws0\">Femmes Fada gegeben h\u00e4tte, in M\u00fctze, Schal und warmen Stiefeln- mit Spa\u00df ist einfach alles<\/div>\n<div class=\"t pg-1m0 pg-1x1 pg-1h2 pg-1y12 pg-1ff1 pg-1fs0 pg-1fc0 pg-1sc0 pg-1ls0 pg-1ws0\">m\u00f6glich.<\/div>\n<div><\/div>\n<div class=\"t pg-1m0 pg-1x1 pg-1h2 pg-1y13 pg-1ff1 pg-1fs0 pg-1fc0 pg-1sc0 pg-1ls0 pg-1ws0\">Liebe Yvi, wir danken dir f\u00fcr wunderbare 20 Jahre Femmes Fada, du bist spitze!<\/div>\n<\/div>\n<\/div>\n<\/div>\n<\/div>\n<\/div>\n<div><\/div>\n<\/div>\n<\/div><\/section>\n<div  class='avia-image-container  av-styling-    avia-builder-el-2  el_after_av_textblock  avia-builder-el-last  avia-align-center '  itemprop=\"image\" itemscope=\"itemscope\" itemtype=\"https:\/\/schema.org\/ImageObject\"  ><div class='avia-image-container-inner'><div class='avia-image-overlay-wrap'><img class='wp-image-7166 avia-img-lazy-loading-not-7166 avia_image' src=\"https:\/\/www.fcschwand.de\/wp-content\/uploads\/2021\/12\/Femmes-Fada-20-Jahre-1030x1030.jpg\" alt='' title='Femmes Fada 20 Jahre' height=\"1030\" width=\"1030\"  itemprop=\"thumbnailUrl\" srcset=\"https:\/\/www.fcschwand.de\/wp-content\/uploads\/2021\/12\/Femmes-Fada-20-Jahre-1030x1030.jpg 1030w, https:\/\/www.fcschwand.de\/wp-content\/uploads\/2021\/12\/Femmes-Fada-20-Jahre-300x300.jpg 300w, https:\/\/www.fcschwand.de\/wp-content\/uploads\/2021\/12\/Femmes-Fada-20-Jahre-80x80.jpg 80w, https:\/\/www.fcschwand.de\/wp-content\/uploads\/2021\/12\/Femmes-Fada-20-Jahre-768x768.jpg 768w, https:\/\/www.fcschwand.de\/wp-content\/uploads\/2021\/12\/Femmes-Fada-20-Jahre-1536x1536.jpg 1536w, https:\/\/www.fcschwand.de\/wp-content\/uploads\/2021\/12\/Femmes-Fada-20-Jahre-36x36.jpg 36w, https:\/\/www.fcschwand.de\/wp-content\/uploads\/2021\/12\/Femmes-Fada-20-Jahre-180x180.jpg 180w, https:\/\/www.fcschwand.de\/wp-content\/uploads\/2021\/12\/Femmes-Fada-20-Jahre-1500x1500.jpg 1500w, https:\/\/www.fcschwand.de\/wp-content\/uploads\/2021\/12\/Femmes-Fada-20-Jahre-705x705.jpg 705w, https:\/\/www.fcschwand.de\/wp-content\/uploads\/2021\/12\/Femmes-Fada-20-Jahre.jpg 1600w\" sizes=\"(max-width: 1030px) 100vw, 1030px\" \/><\/div><\/div><\/div>\n","protected":false},"excerpt":{"rendered":"","protected":false},"author":7,"featured_media":7166,"comment_status":"open","ping_status":"closed","sticky":false,"template":"","format":"standard","meta":[],"categories":[14,26,44],"tags":[],"yoast_head":"<!-- This site is optimized with the Yoast SEO plugin v15.9.2 - https:\/\/yoast.com\/wordpress\/plugins\/seo\/ -->\n<title>20 Jahre Femmes Fada! - 1.FC Schwand<\/title>\n<meta property=\"og:locale\" content=\"de_DE\" \/>\n<meta property=\"og:type\" content=\"article\" \/>\n<meta property=\"og:title\" content=\"20 Jahre Femmes Fada! - 1.FC Schwand\" \/>\n<meta property=\"og:url\" content=\"https:\/\/www.fcschwand.de\/home\/2021\/12\/07\/was-die-kleinen-koennen-koennen-wir-schon-lang-2\/\" \/>\n<meta property=\"og:site_name\" content=\"1.FC Schwand\" \/>\n<meta property=\"article:published_time\" content=\"2021-12-07T19:27:25+00:00\" \/>\n<meta property=\"article:modified_time\" content=\"2021-12-07T19:28:35+00:00\" \/>\n<meta property=\"og:image\" content=\"https:\/\/www.fcschwand.de\/wp-content\/uploads\/2021\/12\/Femmes-Fada-20-Jahre.jpg\" \/>\n\t<meta property=\"og:image:width\" content=\"1600\" \/>\n\t<meta property=\"og:image:height\" content=\"1600\" \/>\n<meta name=\"twitter:card\" content=\"summary\" \/>\n<meta name=\"twitter:label1\" content=\"Gesch\u00e4tzte Lesezeit\">\n\t<meta name=\"twitter:data1\" content=\"2\u00a0Minuten\">\n<script type=\"application\/ld+json\" class=\"yoast-schema-graph\">{\"@context\":\"https:\/\/schema.org\",\"@graph\":[{\"@type\":\"WebSite\",\"@id\":\"https:\/\/www.fcschwand.de\/home\/#website\",\"url\":\"https:\/\/www.fcschwand.de\/home\/\",\"name\":\"1.FC Schwand\",\"description\":\"Sport aus Leidenschaft\",\"potentialAction\":[{\"@type\":\"SearchAction\",\"target\":\"https:\/\/www.fcschwand.de\/home\/?s={search_term_string}\",\"query-input\":\"required name=search_term_string\"}],\"inLanguage\":\"de\"},{\"@type\":\"ImageObject\",\"@id\":\"https:\/\/www.fcschwand.de\/home\/2021\/12\/07\/was-die-kleinen-koennen-koennen-wir-schon-lang-2\/#primaryimage\",\"inLanguage\":\"de\",\"url\":\"https:\/\/www.fcschwand.de\/wp-content\/uploads\/2021\/12\/Femmes-Fada-20-Jahre.jpg\",\"width\":1600,\"height\":1600},{\"@type\":\"WebPage\",\"@id\":\"https:\/\/www.fcschwand.de\/home\/2021\/12\/07\/was-die-kleinen-koennen-koennen-wir-schon-lang-2\/#webpage\",\"url\":\"https:\/\/www.fcschwand.de\/home\/2021\/12\/07\/was-die-kleinen-koennen-koennen-wir-schon-lang-2\/\",\"name\":\"20 Jahre Femmes Fada! - 1.FC Schwand\",\"isPartOf\":{\"@id\":\"https:\/\/www.fcschwand.de\/home\/#website\"},\"primaryImageOfPage\":{\"@id\":\"https:\/\/www.fcschwand.de\/home\/2021\/12\/07\/was-die-kleinen-koennen-koennen-wir-schon-lang-2\/#primaryimage\"},\"datePublished\":\"2021-12-07T19:27:25+00:00\",\"dateModified\":\"2021-12-07T19:28:35+00:00\",\"author\":{\"@id\":\"https:\/\/www.fcschwand.de\/home\/#\/schema\/person\/ddb7a2b5d26609759a85b75a74d0c60d\"},\"breadcrumb\":{\"@id\":\"https:\/\/www.fcschwand.de\/home\/2021\/12\/07\/was-die-kleinen-koennen-koennen-wir-schon-lang-2\/#breadcrumb\"},\"inLanguage\":\"de\",\"potentialAction\":[{\"@type\":\"ReadAction\",\"target\":[\"https:\/\/www.fcschwand.de\/home\/2021\/12\/07\/was-die-kleinen-koennen-koennen-wir-schon-lang-2\/\"]}]},{\"@type\":\"BreadcrumbList\",\"@id\":\"https:\/\/www.fcschwand.de\/home\/2021\/12\/07\/was-die-kleinen-koennen-koennen-wir-schon-lang-2\/#breadcrumb\",\"itemListElement\":[{\"@type\":\"ListItem\",\"position\":1,\"item\":{\"@type\":\"WebPage\",\"@id\":\"https:\/\/www.fcschwand.de\/home\/1-fc-schwand-sportverein-2\/\",\"url\":\"https:\/\/www.fcschwand.de\/home\/1-fc-schwand-sportverein-2\/\",\"name\":\"Startseite\"}},{\"@type\":\"ListItem\",\"position\":2,\"item\":{\"@type\":\"WebPage\",\"@id\":\"https:\/\/www.fcschwand.de\/home\/2021\/12\/07\/was-die-kleinen-koennen-koennen-wir-schon-lang-2\/\",\"url\":\"https:\/\/www.fcschwand.de\/home\/2021\/12\/07\/was-die-kleinen-koennen-koennen-wir-schon-lang-2\/\",\"name\":\"20 Jahre Femmes Fada!\"}}]},{\"@type\":\"Person\",\"@id\":\"https:\/\/www.fcschwand.de\/home\/#\/schema\/person\/ddb7a2b5d26609759a85b75a74d0c60d\",\"name\":\"AlexHeinz\"}]}<\/script>\n<!-- \/ Yoast SEO plugin. -->","_links":{"self":[{"href":"https:\/\/www.fcschwand.de\/home\/wp-json\/wp\/v2\/posts\/7170"}],"collection":[{"href":"https:\/\/www.fcschwand.de\/home\/wp-json\/wp\/v2\/posts"}],"about":[{"href":"https:\/\/www.fcschwand.de\/home\/wp-json\/wp\/v2\/types\/post"}],"author":[{"embeddable":true,"href":"https:\/\/www.fcschwand.de\/home\/wp-json\/wp\/v2\/users\/7"}],"replies":[{"embeddable":true,"href":"https:\/\/www.fcschwand.de\/home\/wp-json\/wp\/v2\/comments?post=7170"}],"version-history":[{"count":5,"href":"https:\/\/www.fcschwand.de\/home\/wp-json\/wp\/v2\/posts\/7170\/revisions"}],"predecessor-version":[{"id":7300,"href":"https:\/\/www.fcschwand.de\/home\/wp-json\/wp\/v2\/posts\/7170\/revisions\/7300"}],"wp:featuredmedia":[{"embeddable":true,"href":"https:\/\/www.fcschwand.de\/home\/wp-json\/wp\/v2\/media\/7166"}],"wp:attachment":[{"href":"https:\/\/www.fcschwand.de\/home\/wp-json\/wp\/v2\/media?parent=7170"}],"wp:term":[{"taxonomy":"category","embeddable":true,"href":"https:\/\/www.fcschwand.de\/home\/wp-json\/wp\/v2\/categories?post=7170"},{"taxonomy":"post_tag","embeddable":true,"href":"https:\/\/www.fcschwand.de\/home\/wp-json\/wp\/v2\/tags?post=7170"}],"curies":[{"name":"wp","href":"https:\/\/api.w.org\/{rel}","templated":true}]}}