{"id":6966,"date":"2021-08-12T17:07:12","date_gmt":"2021-08-12T15:07:12","guid":{"rendered":"https:\/\/www.fcschwand.de\/?p=6966"},"modified":"2021-08-12T17:07:12","modified_gmt":"2021-08-12T15:07:12","slug":"was-die-kleinen-koennen-koennen-wir-schon-lang","status":"publish","type":"post","link":"https:\/\/www.fcschwand.de\/home\/2021\/08\/12\/was-die-kleinen-koennen-koennen-wir-schon-lang\/","title":{"rendered":"\u201eWas, die Kleinen k\u00f6nnen, k\u00f6nnen wir schon lang\u201c"},"content":{"rendered":"<div  style='padding-bottom:10px; ' class='av-special-heading av-special-heading-h3    avia-builder-el-0  el_before_av_textblock  avia-builder-el-first  '><h3 class='av-special-heading-tag '  itemprop=\"headline\"  ><span class='special_amp'>\u201e<\/span>Was, die Kleinen k\u00f6nnen, k\u00f6nnen wir schon lang<span class='special_amp'>\u201c<\/span><\/h3><div class='special-heading-border'><div class='special-heading-inner-border' ><\/div><\/div><\/div>\n<section class=\"av_textblock_section \"  itemscope=\"itemscope\" itemtype=\"https:\/\/schema.org\/BlogPosting\" itemprop=\"blogPost\" ><div class='avia_textblock  '   itemprop=\"text\" ><div class=\"c pg-1x1 pg-1y1 pg-1w2 pg-1h2\">\n<div class=\"t pg-1m0 pg-1x0 pg-1h3 pg-1y2 pg-1ff1 pg-1fs0 pg-1fc0 pg-1sc0 pg-1ls0 pg-1ws0\"><span class=\"pg-1fc1 pg-1sc0\">\u201eW<\/span><span class=\"pg-1fc1 pg-1sc0\">a<\/span><span class=\"pg-1fc1 pg-1sc0\">s,<\/span> <span class=\"pg-1fc1 pg-1sc0\">d<\/span><span class=\"pg-1fc1 pg-1sc0\">i<\/span><span class=\"pg-1fc1 pg-1sc0\">e<\/span> <span class=\"pg-1fc1 pg-1sc0\">Kl<\/span><span class=\"pg-1fc1 pg-1sc0\">e<\/span><span class=\"pg-1fc1 pg-1sc0\">i<\/span><span class=\"pg-1fc1 pg-1sc0\">n<\/span><span class=\"pg-1fc1 pg-1sc0\">e<\/span><span class=\"pg-1fc1 pg-1sc0\">n<\/span> <span class=\"pg-1fc1 pg-1sc0\">k\u00f6<\/span><span class=\"pg-1fc1 pg-1sc0\">n<\/span><span class=\"pg-1fc1 pg-1sc0\">n<\/span><span class=\"pg-1fc1 pg-1sc0\">e<\/span><span class=\"pg-1fc1 pg-1sc0\">n<\/span><span class=\"pg-1fc1 pg-1sc0\">,<\/span> <span class=\"pg-1fc1 pg-1sc0\">k\u00f6<\/span><span class=\"pg-1fc1 pg-1sc0\">n<\/span><span class=\"pg-1fc1 pg-1sc0\">n<\/span><span class=\"pg-1fc1 pg-1sc0\">e<\/span><span class=\"pg-1fc1 pg-1sc0\">n<\/span> <span class=\"pg-1fc1 pg-1sc0\">w<\/span><span class=\"pg-1fc1 pg-1sc0\">i<\/span><span class=\"pg-1fc1 pg-1sc0\">r <\/span><span class=\"pg-1fc1 pg-1sc0\">sc<\/span><span class=\"pg-1fc1 pg-1sc0\">h<\/span><span class=\"pg-1fc1 pg-1sc0\">o<\/span><span class=\"pg-1fc1 pg-1sc0\">n<\/span> <span class=\"pg-1fc1 pg-1sc0\">l<\/span><span class=\"pg-1fc1 pg-1sc0\">a<\/span><span class=\"pg-1fc1 pg-1sc0\">n<\/span><span class=\"pg-1fc1 pg-1sc0\">g<\/span><span class=\"pg-1ff2\"><span class=\"pg-1ff1\"><span class=\"pg-1fc1 pg-1sc0\">\u201c<\/span> <\/span><\/span><\/div>\n<div><\/div>\n<div class=\"t pg-1m0 pg-1x2 pg-1h4 pg-1y3 pg-1ff3 pg-1fs0 pg-1fc0 pg-1sc0 pg-1ls0 pg-1ws0\">Nicht nur den Tanzkindern der Tanzgruppe \u201eCrazy Catkins\u201c, sondern auch den M\u00e4dels und<\/div>\n<div class=\"t pg-1m0 pg-1x2 pg-1h4 pg-1y4 pg-1ff3 pg-1fs0 pg-1fc0 pg-1sc0 pg-1ls0 pg-1ws0\">Nils von \u201ePoi&amp;Dance\u201c fehlten nach den vielen Wochen zuhause die Abwechslung und eine<\/div>\n<div class=\"t pg-1m0 pg-1x2 pg-1h4 pg-1y5 pg-1ff3 pg-1fs0 pg-1fc0 pg-1sc0 pg-1ls0 pg-1ws0\">gemeinsame Unternehmung. Gemeinsamkeit war das Thema unseres Ausfluges.<\/div>\n<div class=\"t pg-1m0 pg-1x2 pg-1h4 pg-1y6 pg-1ff3 pg-1fs0 pg-1fc0 pg-1sc0 pg-1ls0 pg-1ws0\">Alle zusammen trafen wir uns mit unseren Fahrr\u00e4dern am Haus unserer Trainerin. Nachdem<\/div>\n<div class=\"t pg-1m0 pg-1x2 pg-1h4 pg-1y7 pg-1ff3 pg-1fs0 pg-1fc0 pg-1sc0 pg-1ls0 pg-1ws0\">alle noch einmal ihre Klingeln ausprobiert hatten, ob auch alle wirklich funktionierten und wir<\/div>\n<div class=\"t pg-1m0 pg-1x2 pg-1h4 pg-1y8 pg-1ff3 pg-1fs0 pg-1fc0 pg-1sc0 pg-1ls0 pg-1ws0\">so der ganzen Nachbarschaft ein harmonisches Klingelkonzert pr\u00e4sentiert hatten, brachen<\/div>\n<div class=\"t pg-1m0 pg-1x2 pg-1h4 pg-1y9 pg-1ff3 pg-1fs0 pg-1fc0 pg-1sc0 pg-1ls0 pg-1ws0\">wir schlie\u00dflich zum noch geheimen Ziel unserer Tour auf.<\/div>\n<div><\/div>\n<div class=\"t pg-1m0 pg-1x2 pg-1h4 pg-1ya pg-1ff3 pg-1fs0 pg-1fc0 pg-1sc0 pg-1ls0 pg-1ws0\">Nach ungef\u00e4hr einer Stunde der Spannung, durch Felder, Wiesen und W\u00e4lder, Berg auf und<\/div>\n<div class=\"t pg-1m0 pg-1x2 pg-1h4 pg-1yb pg-1ff3 pg-1fs0 pg-1fc0 pg-1sc0 pg-1ls0 pg-1ws0\">Berg ab, erreichten wir schlie\u00dflich das Steinbr\u00fcchlein bei N\u00fcrnberg.<\/div>\n<div class=\"t pg-1m0 pg-1x2 pg-1h4 pg-1yc pg-1ff3 pg-1fs0 pg-1fc0 pg-1sc0 pg-1ls0 pg-1ws0\">Dort brauchten wir alle erst einmal eine kurze Pause. Doch der Niedrighochseilgarten vor<\/div>\n<div class=\"t pg-1m0 pg-1x2 pg-1h4 pg-1yd pg-1ff3 pg-1fs0 pg-1fc0 pg-1sc0 pg-1ls0 pg-1ws0\">unseren Augen \u00fcbte doch einen gro\u00dfen Reiz auf uns aus. So blieben wir nicht lange ruhig<\/div>\n<div class=\"t pg-1m0 pg-1x2 pg-1h4 pg-1ye pg-1ff3 pg-1fs0 pg-1fc0 pg-1sc0 pg-1ls0 pg-1ws0\">sitzen, sondern absolvierten einer nach dem anderen oder manchmal auch alle gleichzeitig<\/div>\n<div class=\"t pg-1m0 pg-1x2 pg-1h4 pg-1yf pg-1ff3 pg-1fs0 pg-1fc0 pg-1sc0 pg-1ls0 pg-1ws0\">die Hindernisse des Parcours.<\/div>\n<div><\/div>\n<div class=\"t pg-1m0 pg-1x2 pg-1h4 pg-1y10 pg-1ff3 pg-1fs0 pg-1fc0 pg-1sc0 pg-1ls0 pg-1ws0\">Mit viel Spa\u00df ging es auch danach mit Gruppenspielen, wie z.B. dem Gordischen Knoten<\/div>\n<div class=\"t pg-1m0 pg-1x2 pg-1h4 pg-1y11 pg-1ff3 pg-1fs0 pg-1fc0 pg-1sc0 pg-1ls0 pg-1ws0\">oder Tabu, weiter.<\/div>\n<div class=\"t pg-1m0 pg-1x2 pg-1h4 pg-1y12 pg-1ff3 pg-1fs0 pg-1fc0 pg-1sc0 pg-1ls0 pg-1ws0\">Irgendwann war nat\u00fcrlich der Zeitpunkt f\u00fcr die R\u00fcckfahrt gekommen und so machten wir uns<\/div>\n<div class=\"t pg-1m0 pg-1x2 pg-1h4 pg-1y13 pg-1ff3 pg-1fs0 pg-1fc0 pg-1sc0 pg-1ls0 pg-1ws0\">wieder auf den Heimweg. Nach knapp 10 km Fahrt kamen wir wieder in Schwanstetten an.<\/div>\n<div class=\"t pg-1m0 pg-1x2 pg-1h4 pg-1y14 pg-1ff3 pg-1fs0 pg-1fc0 pg-1sc0 pg-1ls0 pg-1ws0\">Zwar war nun die Radtour zu Ende, der gemeinsame Nachmittag jedoch noch lange nicht.<\/div>\n<div class=\"t pg-1m0 pg-1x2 pg-1h4 pg-1y15 pg-1ff3 pg-1fs0 pg-1fc0 pg-1sc0 pg-1ls0 pg-1ws0\">Nach dem vielen Sport waren wir nat\u00fcrlich hungrig und so schlugen wir uns erst einmal den<\/div>\n<div class=\"t pg-1m0 pg-1x2 pg-1h4 pg-1y16 pg-1ff3 pg-1fs0 pg-1fc0 pg-1sc0 pg-1ls0 pg-1ws0\">Bauch voll mit Pizzabr\u00f6tchen und Kuchen.<\/div>\n<div><\/div>\n<div class=\"t pg-1m0 pg-1x2 pg-1h4 pg-1y17 pg-1ff3 pg-1fs0 pg-1fc0 pg-1sc0 pg-1ls0 pg-1ws0\">Eine frische Abk\u00fchlung durfte nun auch nicht fehlen. Zum Gl\u00fcck waren die Badesachen<\/div>\n<div class=\"t pg-1m0 pg-1x2 pg-1h4 pg-1y18 pg-1ff3 pg-1fs0 pg-1fc0 pg-1sc0 pg-1ls0 pg-1ws0\">schnell angezogen und der Pool auch schon bereit.<\/div>\n<div><\/div>\n<div class=\"t pg-1m0 pg-1x2 pg-1h4 pg-1y19 pg-1ff3 pg-1fs0 pg-1fc0 pg-1sc0 pg-1ls0 pg-1ws0\">Es war ein gelungener, lustiger Tag voller Spa\u00df, Lachen und Gemeinschaft. Hoffentlich<\/div>\n<div class=\"t pg-1m0 pg-1x2 pg-1h4 pg-1y1a pg-1ff3 pg-1fs0 pg-1fc0 pg-1sc0 pg-1ls0 pg-1ws0\">k\u00f6nnen wir auch n\u00e4chstes Jahr wieder einen solchen Ausflug unternehmen. Doch bis dahin<\/div>\n<div class=\"t pg-1m0 pg-1x2 pg-1h4 pg-1y1b pg-1ff3 pg-1fs0 pg-1fc0 pg-1sc0 pg-1ls0 pg-1ws0\">vergn\u00fcgen wir uns mit den am\u00fcsanten Erinnerungen an die diesj\u00e4hrige Fahrradtour.<\/div>\n<div><\/div>\n<div class=\"t pg-1m0 pg-1x3 pg-1h4 pg-1y1c pg-1ff3 pg-1fs0 pg-1fc0 pg-1sc0 pg-1ls0 pg-1ws0\">Die M\u00e4dels von Poi &amp; Dance<\/div>\n<div><\/div>\n<\/div>\n<\/div><\/section>\n<div  class='avia-gallery  avia-gallery-1 avia_lazyload avia-gallery-animate avia_animate_when_visible  avia-builder-el-2  el_after_av_textblock  avia-builder-el-last '  itemprop=\"image\" itemscope=\"itemscope\" itemtype=\"https:\/\/schema.org\/ImageObject\" ><div class='avia-gallery-thumb'> <a href='https:\/\/www.fcschwand.de\/wp-content\/uploads\/2021\/08\/Poi-Dance-Juli-2021-Foto-1-1030x464.jpg' data-rel='gallery-1' data-prev-img='https:\/\/www.fcschwand.de\/wp-content\/uploads\/2021\/08\/Poi-Dance-Juli-2021-Foto-1-495x400.jpg' class='first_thumb lightbox ' data-onclick='1' title='Poi &amp; Dance Juli 2021 Foto 1'  itemprop=\"thumbnailUrl\"  ><img class=\"wp-image-6967 avia-img-lazy-loading-not-6967\"   src=\"https:\/\/www.fcschwand.de\/wp-content\/uploads\/2021\/08\/Poi-Dance-Juli-2021-Foto-1-495x400.jpg\" width=\"495\" height=\"400\"  title='Poi &amp; Dance Juli 2021 Foto 1' alt='' srcset=\"https:\/\/www.fcschwand.de\/wp-content\/uploads\/2021\/08\/Poi-Dance-Juli-2021-Foto-1-495x400.jpg 495w, https:\/\/www.fcschwand.de\/wp-content\/uploads\/2021\/08\/Poi-Dance-Juli-2021-Foto-1-845x684.jpg 845w\" sizes=\"(max-width: 495px) 100vw, 495px\" \/><\/a> <a href='https:\/\/www.fcschwand.de\/wp-content\/uploads\/2021\/08\/Poi-Dance-Juli-2021-Foto-2-1030x464.jpg' data-rel='gallery-1' data-prev-img='https:\/\/www.fcschwand.de\/wp-content\/uploads\/2021\/08\/Poi-Dance-Juli-2021-Foto-2-495x400.jpg' class='lightbox ' data-onclick='2' title='Poi &amp; Dance Juli 2021 Foto 2'  itemprop=\"thumbnailUrl\"  ><img class=\"wp-image-6968 avia-img-lazy-loading-not-6968\"   src=\"https:\/\/www.fcschwand.de\/wp-content\/uploads\/2021\/08\/Poi-Dance-Juli-2021-Foto-2-495x400.jpg\" width=\"495\" height=\"400\"  title='Poi &amp; Dance Juli 2021 Foto 2' alt='' srcset=\"https:\/\/www.fcschwand.de\/wp-content\/uploads\/2021\/08\/Poi-Dance-Juli-2021-Foto-2-495x400.jpg 495w, https:\/\/www.fcschwand.de\/wp-content\/uploads\/2021\/08\/Poi-Dance-Juli-2021-Foto-2-845x684.jpg 845w\" sizes=\"(max-width: 495px) 100vw, 495px\" \/><\/a> <a href='https:\/\/www.fcschwand.de\/wp-content\/uploads\/2021\/08\/Poi-Dance-Juli-2021-Foto-3-1030x464.jpg' data-rel='gallery-1' data-prev-img='https:\/\/www.fcschwand.de\/wp-content\/uploads\/2021\/08\/Poi-Dance-Juli-2021-Foto-3-495x400.jpg' class='lightbox ' data-onclick='3' title='Poi &amp; Dance Juli 2021 Foto 3'  itemprop=\"thumbnailUrl\"  ><img class=\"wp-image-6969 avia-img-lazy-loading-not-6969\"   src=\"https:\/\/www.fcschwand.de\/wp-content\/uploads\/2021\/08\/Poi-Dance-Juli-2021-Foto-3-495x400.jpg\" width=\"495\" height=\"400\"  title='Poi &amp; Dance Juli 2021 Foto 3' alt='' srcset=\"https:\/\/www.fcschwand.de\/wp-content\/uploads\/2021\/08\/Poi-Dance-Juli-2021-Foto-3-495x400.jpg 495w, https:\/\/www.fcschwand.de\/wp-content\/uploads\/2021\/08\/Poi-Dance-Juli-2021-Foto-3-845x684.jpg 845w\" sizes=\"(max-width: 495px) 100vw, 495px\" \/><\/a><\/div><\/div>\n","protected":false},"excerpt":{"rendered":"","protected":false},"author":7,"featured_media":6967,"comment_status":"open","ping_status":"closed","sticky":false,"template":"","format":"standard","meta":[],"categories":[14,26,44],"tags":[],"yoast_head":"<!-- This site is optimized with the Yoast SEO plugin v15.9.2 - https:\/\/yoast.com\/wordpress\/plugins\/seo\/ -->\n<title>\u201eWas, die Kleinen k\u00f6nnen, k\u00f6nnen wir schon lang\u201c - 1.FC Schwand<\/title>\n<meta property=\"og:locale\" content=\"de_DE\" \/>\n<meta property=\"og:type\" content=\"article\" \/>\n<meta property=\"og:title\" content=\"\u201eWas, die Kleinen k\u00f6nnen, k\u00f6nnen wir schon lang\u201c - 1.FC Schwand\" \/>\n<meta property=\"og:url\" content=\"https:\/\/www.fcschwand.de\/home\/2021\/08\/12\/was-die-kleinen-koennen-koennen-wir-schon-lang\/\" \/>\n<meta property=\"og:site_name\" content=\"1.FC Schwand\" \/>\n<meta property=\"article:published_time\" content=\"2021-08-12T15:07:12+00:00\" \/>\n<meta property=\"og:image\" content=\"https:\/\/www.fcschwand.de\/wp-content\/uploads\/2021\/08\/Poi-Dance-Juli-2021-Foto-1.jpg\" \/>\n\t<meta property=\"og:image:width\" content=\"1600\" \/>\n\t<meta property=\"og:image:height\" content=\"721\" \/>\n<meta name=\"twitter:card\" content=\"summary\" \/>\n<meta name=\"twitter:label1\" content=\"Gesch\u00e4tzte Lesezeit\">\n\t<meta name=\"twitter:data1\" content=\"2\u00a0Minuten\">\n<script type=\"application\/ld+json\" class=\"yoast-schema-graph\">{\"@context\":\"https:\/\/schema.org\",\"@graph\":[{\"@type\":\"WebSite\",\"@id\":\"https:\/\/www.fcschwand.de\/home\/#website\",\"url\":\"https:\/\/www.fcschwand.de\/home\/\",\"name\":\"1.FC Schwand\",\"description\":\"Sport aus Leidenschaft\",\"potentialAction\":[{\"@type\":\"SearchAction\",\"target\":\"https:\/\/www.fcschwand.de\/home\/?s={search_term_string}\",\"query-input\":\"required name=search_term_string\"}],\"inLanguage\":\"de\"},{\"@type\":\"ImageObject\",\"@id\":\"https:\/\/www.fcschwand.de\/home\/2021\/08\/12\/was-die-kleinen-koennen-koennen-wir-schon-lang\/#primaryimage\",\"inLanguage\":\"de\",\"url\":\"https:\/\/www.fcschwand.de\/wp-content\/uploads\/2021\/08\/Poi-Dance-Juli-2021-Foto-1.jpg\",\"width\":1600,\"height\":721},{\"@type\":\"WebPage\",\"@id\":\"https:\/\/www.fcschwand.de\/home\/2021\/08\/12\/was-die-kleinen-koennen-koennen-wir-schon-lang\/#webpage\",\"url\":\"https:\/\/www.fcschwand.de\/home\/2021\/08\/12\/was-die-kleinen-koennen-koennen-wir-schon-lang\/\",\"name\":\"\\u201eWas, die Kleinen k\\u00f6nnen, k\\u00f6nnen wir schon lang\\u201c - 1.FC Schwand\",\"isPartOf\":{\"@id\":\"https:\/\/www.fcschwand.de\/home\/#website\"},\"primaryImageOfPage\":{\"@id\":\"https:\/\/www.fcschwand.de\/home\/2021\/08\/12\/was-die-kleinen-koennen-koennen-wir-schon-lang\/#primaryimage\"},\"datePublished\":\"2021-08-12T15:07:12+00:00\",\"dateModified\":\"2021-08-12T15:07:12+00:00\",\"author\":{\"@id\":\"https:\/\/www.fcschwand.de\/home\/#\/schema\/person\/ddb7a2b5d26609759a85b75a74d0c60d\"},\"breadcrumb\":{\"@id\":\"https:\/\/www.fcschwand.de\/home\/2021\/08\/12\/was-die-kleinen-koennen-koennen-wir-schon-lang\/#breadcrumb\"},\"inLanguage\":\"de\",\"potentialAction\":[{\"@type\":\"ReadAction\",\"target\":[\"https:\/\/www.fcschwand.de\/home\/2021\/08\/12\/was-die-kleinen-koennen-koennen-wir-schon-lang\/\"]}]},{\"@type\":\"BreadcrumbList\",\"@id\":\"https:\/\/www.fcschwand.de\/home\/2021\/08\/12\/was-die-kleinen-koennen-koennen-wir-schon-lang\/#breadcrumb\",\"itemListElement\":[{\"@type\":\"ListItem\",\"position\":1,\"item\":{\"@type\":\"WebPage\",\"@id\":\"https:\/\/www.fcschwand.de\/home\/1-fc-schwand-sportverein-2\/\",\"url\":\"https:\/\/www.fcschwand.de\/home\/1-fc-schwand-sportverein-2\/\",\"name\":\"Startseite\"}},{\"@type\":\"ListItem\",\"position\":2,\"item\":{\"@type\":\"WebPage\",\"@id\":\"https:\/\/www.fcschwand.de\/home\/2021\/08\/12\/was-die-kleinen-koennen-koennen-wir-schon-lang\/\",\"url\":\"https:\/\/www.fcschwand.de\/home\/2021\/08\/12\/was-die-kleinen-koennen-koennen-wir-schon-lang\/\",\"name\":\"\\u201eWas, die Kleinen k\\u00f6nnen, k\\u00f6nnen wir schon lang\\u201c\"}}]},{\"@type\":\"Person\",\"@id\":\"https:\/\/www.fcschwand.de\/home\/#\/schema\/person\/ddb7a2b5d26609759a85b75a74d0c60d\",\"name\":\"AlexHeinz\"}]}<\/script>\n<!-- \/ Yoast SEO plugin. -->","_links":{"self":[{"href":"https:\/\/www.fcschwand.de\/home\/wp-json\/wp\/v2\/posts\/6966"}],"collection":[{"href":"https:\/\/www.fcschwand.de\/home\/wp-json\/wp\/v2\/posts"}],"about":[{"href":"https:\/\/www.fcschwand.de\/home\/wp-json\/wp\/v2\/types\/post"}],"author":[{"embeddable":true,"href":"https:\/\/www.fcschwand.de\/home\/wp-json\/wp\/v2\/users\/7"}],"replies":[{"embeddable":true,"href":"https:\/\/www.fcschwand.de\/home\/wp-json\/wp\/v2\/comments?post=6966"}],"version-history":[{"count":3,"href":"https:\/\/www.fcschwand.de\/home\/wp-json\/wp\/v2\/posts\/6966\/revisions"}],"predecessor-version":[{"id":7169,"href":"https:\/\/www.fcschwand.de\/home\/wp-json\/wp\/v2\/posts\/6966\/revisions\/7169"}],"wp:featuredmedia":[{"embeddable":true,"href":"https:\/\/www.fcschwand.de\/home\/wp-json\/wp\/v2\/media\/6967"}],"wp:attachment":[{"href":"https:\/\/www.fcschwand.de\/home\/wp-json\/wp\/v2\/media?parent=6966"}],"wp:term":[{"taxonomy":"category","embeddable":true,"href":"https:\/\/www.fcschwand.de\/home\/wp-json\/wp\/v2\/categories?post=6966"},{"taxonomy":"post_tag","embeddable":true,"href":"https:\/\/www.fcschwand.de\/home\/wp-json\/wp\/v2\/tags?post=6966"}],"curies":[{"name":"wp","href":"https:\/\/api.w.org\/{rel}","templated":true}]}}