{"id":6126,"date":"2020-04-01T13:26:36","date_gmt":"2020-04-01T11:26:36","guid":{"rendered":"https:\/\/www.fcschwand.de\/?p=6126"},"modified":"2021-03-14T11:40:57","modified_gmt":"2021-03-14T10:40:57","slug":"kinderfasching-2020-beim-1-fc-schwand","status":"publish","type":"post","link":"https:\/\/www.fcschwand.de\/home\/2020\/04\/01\/kinderfasching-2020-beim-1-fc-schwand\/","title":{"rendered":"Kinderfasching beim 1. FC Schwand"},"content":{"rendered":"<h3>Kinderfasching beim 1. FC Schwand<\/h3>\n<p>Am Samstag, den 15.02.2020 war es wieder soweit. Die Turnabteilung hatte zum Kinderfasching eingeladen und viele kleine und gro\u00dfe G\u00e4ste kamen und feierten ausgelassen in der geschm\u00fcckten Vereinshalle.<\/p>\n<p>Unsere flei\u00dfigen Schneeflocken der <strong>Hip Hop Gruppe <a href=\"https:\/\/www.fcschwand.de\/hip-hop\/airn-beat\/\" class=\"broken_link\">Air`n`Beat<\/a><\/strong> um Nadine und Melina M\u00e4rz er\u00f6ffneten die Feier mit einem brausenden \u201e Schwand Aha!\u201c und \u201eFranken Helau!\u201c und einer Polon\u00e4se.<\/p>\n<p>Das lie\u00dfen sich die Prinzessinnen, Feen, Indianer, Cowboy \u0301s, Vampire, Piraten und Einh\u00f6rner nicht zweimal sagen und st\u00fcrmten auf die Tanzfl\u00e4che.<\/p>\n<p>Die Moderation \u00fcbernahmen Carina Hahn und Ulrike Papenfu\u00df, welche unterhaltsam durch das bunte Programm f\u00fchrten. An der Musik wurden sie von Lothar Sch\u00f6nsee vom Esdo unterst\u00fctzt.<\/p>\n<p>Tanzrunde, Bonbonrunde und Spiele wechselten sich ab und so war f\u00fcr jeden etwas dabei. Auch \u00fcber Showeinlagen durften sich die Kinder, Eltern und Gro\u00dfeltern freuen.<\/p>\n<p>Er\u00f6ffnet wurden die Tanzeinlagen von den <strong><a href=\"https:\/\/www.fcschwand.de\/hip-hop\/showsternchen\/\" class=\"broken_link\">Showsternchen<\/a> aus der Rock`n`Roll Abteilung<\/strong>. Die M\u00e4dels und Jungs rockten zu fetzigen Musiken ab.<\/p>\n<p>Erstmalig war auch der 1. Rockfaschingsverein Frankens \u201eKarnemetal\u201c aus Schwanstetten dabei.Sie kamen mit ihrem Tanzmariechen der Black Betty und dem Duo Slapstick, Joey Trump und Mario Sept, welches bravour\u00f6s die Majoretten-St\u00e4be schwang.<\/p>\n<p>Auch die Schwabanesen kamen mit ihrem Juniorentanzmariechen Nina. Flott wirbelte sie durch dasSportheim des 1. FC Schwand.Den kr\u00f6nenden Abschlu\u00df bildeten die zwei Tanzgruppen Crazy Catkins und Pois &amp; Dance von Yvonne Bieringer. Eine gelungene Darbietung unter dem Motto \u2013 <em>Cowboy und Indianer<\/em>.<\/p>\n<p>Die Kids kamen gar nicht mehr aus dem Staunen heraus und spendeten viel Applaus.Zwischendurch st\u00e4rkten sich die Besucher am \u00fcppigen S\u00fcssigkeitenstand bei Heike Legatzki von der Esdo Gruppe mit Knabberein, Schokoriegeln und Lutschern.Ein rundherum gelungener Nachmittag.Ein herzliches Danke Sch\u00f6n an alle \u00dcbungsleiter und Helfer f\u00fcr ihren Einsatz und nicht zuletzt an all unsere kleinen G\u00e4ste, die mit uns gefeiert haben, Spa\u00df hatten und hoffentlich auch im n\u00e4chsten Jahr wieder in wundersch\u00f6nen Kost\u00fcmen in die Vereinshalle des 1.FC Schwand kommen.<\/p>\n","protected":false},"excerpt":{"rendered":"<p>Kinderfasching beim 1. FC Schwand Am Samstag, den 15.02.2020 war es wieder soweit. Die Turnabteilung hatte zum Kinderfasching eingeladen und viele kleine und gro\u00dfe G\u00e4ste kamen und feierten ausgelassen in der geschm\u00fcckten Vereinshalle. Unsere flei\u00dfigen Schneeflocken der Hip Hop Gruppe Air`n`Beat um Nadine und Melina M\u00e4rz er\u00f6ffneten die Feier mit einem brausenden \u201e Schwand Aha!\u201c [&hellip;]<\/p>\n","protected":false},"author":7,"featured_media":6127,"comment_status":"open","ping_status":"closed","sticky":false,"template":"","format":"standard","meta":[],"categories":[14,26,44],"tags":[],"yoast_head":"<!-- This site is optimized with the Yoast SEO plugin v15.9.2 - https:\/\/yoast.com\/wordpress\/plugins\/seo\/ -->\n<title>Kinderfasching beim 1. FC Schwand - 1.FC Schwand<\/title>\n<meta name=\"description\" content=\"Kinderfasching beim 1. FC Schwand -Am Samstag, den 15.02.2020 war es wieder soweit. Die Turnabteilung hatte zum Kinderfasching eingeladen und viele kleine und gro\u00dfe G\u00e4ste kamen und feierten ausgelassen in der geschm\u00fcckten Vereinshalle.\" \/>\n<meta property=\"og:locale\" content=\"de_DE\" \/>\n<meta property=\"og:type\" content=\"article\" \/>\n<meta property=\"og:title\" content=\"Kinderfasching beim 1. FC Schwand - 1.FC Schwand\" \/>\n<meta property=\"og:description\" content=\"Kinderfasching beim 1. FC Schwand -Am Samstag, den 15.02.2020 war es wieder soweit. Die Turnabteilung hatte zum Kinderfasching eingeladen und viele kleine und gro\u00dfe G\u00e4ste kamen und feierten ausgelassen in der geschm\u00fcckten Vereinshalle.\" \/>\n<meta property=\"og:url\" content=\"https:\/\/www.fcschwand.de\/home\/2020\/04\/01\/kinderfasching-2020-beim-1-fc-schwand\/\" \/>\n<meta property=\"og:site_name\" content=\"1.FC Schwand\" \/>\n<meta property=\"article:published_time\" content=\"2020-04-01T11:26:36+00:00\" \/>\n<meta property=\"article:modified_time\" content=\"2021-03-14T10:40:57+00:00\" \/>\n<meta property=\"og:image\" content=\"https:\/\/www.fcschwand.de\/wp-content\/uploads\/2020\/04\/Kifa-2020-Turnen.jpg\" \/>\n\t<meta property=\"og:image:width\" content=\"800\" \/>\n\t<meta property=\"og:image:height\" content=\"600\" \/>\n<meta name=\"twitter:card\" content=\"summary\" \/>\n<meta name=\"twitter:label1\" content=\"Gesch\u00e4tzte Lesezeit\">\n\t<meta name=\"twitter:data1\" content=\"2\u00a0Minuten\">\n<script type=\"application\/ld+json\" class=\"yoast-schema-graph\">{\"@context\":\"https:\/\/schema.org\",\"@graph\":[{\"@type\":\"WebSite\",\"@id\":\"https:\/\/www.fcschwand.de\/home\/#website\",\"url\":\"https:\/\/www.fcschwand.de\/home\/\",\"name\":\"1.FC Schwand\",\"description\":\"Sport aus Leidenschaft\",\"potentialAction\":[{\"@type\":\"SearchAction\",\"target\":\"https:\/\/www.fcschwand.de\/home\/?s={search_term_string}\",\"query-input\":\"required name=search_term_string\"}],\"inLanguage\":\"de\"},{\"@type\":\"ImageObject\",\"@id\":\"https:\/\/www.fcschwand.de\/home\/2020\/04\/01\/kinderfasching-2020-beim-1-fc-schwand\/#primaryimage\",\"inLanguage\":\"de\",\"url\":\"https:\/\/www.fcschwand.de\/wp-content\/uploads\/2020\/04\/Kifa-2020-Turnen.jpg\",\"width\":800,\"height\":600},{\"@type\":\"WebPage\",\"@id\":\"https:\/\/www.fcschwand.de\/home\/2020\/04\/01\/kinderfasching-2020-beim-1-fc-schwand\/#webpage\",\"url\":\"https:\/\/www.fcschwand.de\/home\/2020\/04\/01\/kinderfasching-2020-beim-1-fc-schwand\/\",\"name\":\"Kinderfasching beim 1. FC Schwand - 1.FC Schwand\",\"isPartOf\":{\"@id\":\"https:\/\/www.fcschwand.de\/home\/#website\"},\"primaryImageOfPage\":{\"@id\":\"https:\/\/www.fcschwand.de\/home\/2020\/04\/01\/kinderfasching-2020-beim-1-fc-schwand\/#primaryimage\"},\"datePublished\":\"2020-04-01T11:26:36+00:00\",\"dateModified\":\"2021-03-14T10:40:57+00:00\",\"author\":{\"@id\":\"https:\/\/www.fcschwand.de\/home\/#\/schema\/person\/ddb7a2b5d26609759a85b75a74d0c60d\"},\"description\":\"Kinderfasching beim 1. FC Schwand -Am Samstag, den 15.02.2020 war es wieder soweit. Die Turnabteilung hatte zum Kinderfasching eingeladen und viele kleine und gro\\u00dfe G\\u00e4ste kamen und feierten ausgelassen in der geschm\\u00fcckten Vereinshalle.\",\"breadcrumb\":{\"@id\":\"https:\/\/www.fcschwand.de\/home\/2020\/04\/01\/kinderfasching-2020-beim-1-fc-schwand\/#breadcrumb\"},\"inLanguage\":\"de\",\"potentialAction\":[{\"@type\":\"ReadAction\",\"target\":[\"https:\/\/www.fcschwand.de\/home\/2020\/04\/01\/kinderfasching-2020-beim-1-fc-schwand\/\"]}]},{\"@type\":\"BreadcrumbList\",\"@id\":\"https:\/\/www.fcschwand.de\/home\/2020\/04\/01\/kinderfasching-2020-beim-1-fc-schwand\/#breadcrumb\",\"itemListElement\":[{\"@type\":\"ListItem\",\"position\":1,\"item\":{\"@type\":\"WebPage\",\"@id\":\"https:\/\/www.fcschwand.de\/home\/1-fc-schwand-sportverein-2\/\",\"url\":\"https:\/\/www.fcschwand.de\/home\/1-fc-schwand-sportverein-2\/\",\"name\":\"Startseite\"}},{\"@type\":\"ListItem\",\"position\":2,\"item\":{\"@type\":\"WebPage\",\"@id\":\"https:\/\/www.fcschwand.de\/home\/2020\/04\/01\/kinderfasching-2020-beim-1-fc-schwand\/\",\"url\":\"https:\/\/www.fcschwand.de\/home\/2020\/04\/01\/kinderfasching-2020-beim-1-fc-schwand\/\",\"name\":\"Kinderfasching beim 1. FC Schwand\"}}]},{\"@type\":\"Person\",\"@id\":\"https:\/\/www.fcschwand.de\/home\/#\/schema\/person\/ddb7a2b5d26609759a85b75a74d0c60d\",\"name\":\"AlexHeinz\"}]}<\/script>\n<!-- \/ Yoast SEO plugin. -->","_links":{"self":[{"href":"https:\/\/www.fcschwand.de\/home\/wp-json\/wp\/v2\/posts\/6126"}],"collection":[{"href":"https:\/\/www.fcschwand.de\/home\/wp-json\/wp\/v2\/posts"}],"about":[{"href":"https:\/\/www.fcschwand.de\/home\/wp-json\/wp\/v2\/types\/post"}],"author":[{"embeddable":true,"href":"https:\/\/www.fcschwand.de\/home\/wp-json\/wp\/v2\/users\/7"}],"replies":[{"embeddable":true,"href":"https:\/\/www.fcschwand.de\/home\/wp-json\/wp\/v2\/comments?post=6126"}],"version-history":[{"count":2,"href":"https:\/\/www.fcschwand.de\/home\/wp-json\/wp\/v2\/posts\/6126\/revisions"}],"predecessor-version":[{"id":6491,"href":"https:\/\/www.fcschwand.de\/home\/wp-json\/wp\/v2\/posts\/6126\/revisions\/6491"}],"wp:featuredmedia":[{"embeddable":true,"href":"https:\/\/www.fcschwand.de\/home\/wp-json\/wp\/v2\/media\/6127"}],"wp:attachment":[{"href":"https:\/\/www.fcschwand.de\/home\/wp-json\/wp\/v2\/media?parent=6126"}],"wp:term":[{"taxonomy":"category","embeddable":true,"href":"https:\/\/www.fcschwand.de\/home\/wp-json\/wp\/v2\/categories?post=6126"},{"taxonomy":"post_tag","embeddable":true,"href":"https:\/\/www.fcschwand.de\/home\/wp-json\/wp\/v2\/tags?post=6126"}],"curies":[{"name":"wp","href":"https:\/\/api.w.org\/{rel}","templated":true}]}}