{"id":4345,"date":"2020-03-01T00:01:14","date_gmt":"2020-02-29T23:01:14","guid":{"rendered":"https:\/\/www.fcschwand.de\/?p=4345"},"modified":"2020-03-30T09:40:17","modified_gmt":"2020-03-30T07:40:17","slug":"1927-gruendung-der-sport-und-spielvereinigung-markt-schwand","status":"publish","type":"post","link":"https:\/\/www.fcschwand.de\/home\/2020\/03\/01\/1927-gruendung-der-sport-und-spielvereinigung-markt-schwand\/","title":{"rendered":"1927 Gr\u00fcndung der Sport- und Spielvereinigung Markt Schwand"},"content":{"rendered":"<div  class='avia-button-wrap avia-button-center  avia-builder-el-0  avia-builder-el-no-sibling ' ><a href='https:\/\/www.fcschwand.de\/home\/?page_id=2384'  class='avia-button  avia-color-blue   avia-icon_select-yes-left-icon avia-size-small avia-position-center '   ><span class='avia_button_icon avia_button_icon_left ' aria-hidden='true' data-av_icon='\ue831' data-av_iconfont='entypo-fontello'><\/span><span class='avia_iconbox_title' >zur\u00fcck zur Geschichte<\/span><\/a><\/div>\n<p>Am <strong>23. Oktober 1927<\/strong>war es soweit: 18 sport- und vor allem fu\u00dfballbegeisterte B\u00fcrger trafen sich im <strong> Gasthaus Fritz H\u00f6rl<\/strong> zur Gr\u00fcndungsversammlung eines Turn- und Sportvereins. Bereits in fr\u00fcheren Jahren wurde in Schwand unter dem Namen \u201e<strong>Sport- und Spielvereinigung Markt<\/strong> <strong>Schwand<\/strong>&#8220; Sport betrieben, und es wurde beschlossen, diesen Namen weiterzuf\u00fchren. Als Vereinsfarben wurden <strong> Gr\u00fcn-Blau<\/strong> bestimmt und das Vereinslokal befand sich im Gasthaus H\u00f6rl (heute: Erbsch\u00e4nke Zum Schwan).<\/p>\n<p><strong>Zur ersten Vorstandschaft wurden gew\u00e4hlt:<\/strong><\/p>\n<table border=\"1\">\n<tbody>\n<tr>\n<td width=\"33%\">Hans Monatsberger\u00a0\u00a0\u00a0\u00a0\u00a0\u00a0\u00a0\u00a0\u00a0\u00a0\u00a0\u00a0 <strong>1. Vorstand<\/strong><\/td>\n<td width=\"33%\">Hans R\u00fchl \u00a0 \u00a0 \u00a0 \u00a0 \u00a0 \u00a0 \u00a0 \u00a0 \u00a0 \u00a0 \u00a0 \u00a0 \u00a0 <strong>2. Vorstand<\/strong><\/td>\n<td width=\"34%\">Karl Grimm\u00a0\u00a0\u00a0\u00a0\u00a0\u00a0\u00a0\u00a0\u00a0\u00a0\u00a0\u00a0\u00a0\u00a0\u00a0 <strong> Schriftf\u00fchrer<\/strong><\/td>\n<\/tr>\n<tr>\n<td width=\"33%\">Michael Schweiger \u00a0 \u00a0 \u00a0 \u00a0 \u00a0 \u00a0 <strong> Kassier<\/strong><\/td>\n<td width=\"33%\">Georg Pfann\u00a0\u00a0 <strong> Vereinsdiener<\/strong><\/td>\n<td width=\"34%\"><\/td>\n<\/tr>\n<\/tbody>\n<\/table>\n<p>Als Vereinsbeitrag wurden 50 Pfennig pro Monat festgelegt. Die Mitglieder des Sportvereins waren gleichzeitig auch Mitglied im \u201eF\u00fcrsorge- und Wohlfahrtsverein Schwand&#8220; und mussten hier einen viertelj\u00e4hrlichen Beitrag in H\u00f6he von 25 Pfennig entrichten. Das Vereinsgel\u00e4nde befand sich in Schwand \u201eAm Lohweg&#8220; (sp\u00e4teres Anwesen <strong>Schn\u00fcttgen, Wochenendsiedlung<\/strong>). Die Anlage wurde in den Folgejahren mit Sportplatz, Turnhalle, Umkleide- und Aufenthaltsr\u00e4umen ausgebaut und mit Leben erf\u00fcllt. Beteiligt an diesem vereinseigenen Gel\u00e4nde waren der Arbeitergesangverein, der F\u00fcrsorge- und Wohlfahrtsverein sowie unser Sportverein. <a name=\"aufloesung\"><\/a>Ausgel\u00f6st vor allem durch politische Wirrungen musste das Gel\u00e4nde 1933 versteigert werden und die \u201eSport- und Spielvereinigung&#8220; wurde am <strong> 05. M\u00e4rz <\/strong> <strong>1933<\/strong> aufgel\u00f6st. Martin Feyerlein, Leonhard Schickedanz und Georg B\u00f6hm waren in diesem Zeitraum jeweils als Vorst\u00e4nde t\u00e4tig.<\/p>\n","protected":false},"excerpt":{"rendered":"<p>Am 23. Oktober 1927war es soweit: 18 sport- und vor allem fu\u00dfballbegeisterte B\u00fcrger trafen sich im Gasthaus Fritz H\u00f6rl zur Gr\u00fcndungsversammlung eines Turn- und Sportvereins. Bereits in fr\u00fcheren Jahren wurde in Schwand unter dem Namen \u201eSport- und Spielvereinigung Markt Schwand&#8220; Sport betrieben, und es wurde beschlossen, diesen Namen weiterzuf\u00fchren. Als Vereinsfarben wurden Gr\u00fcn-Blau bestimmt und [&hellip;]<\/p>\n","protected":false},"author":7,"featured_media":0,"comment_status":"open","ping_status":"closed","sticky":false,"template":"","format":"standard","meta":[],"categories":[42],"tags":[],"yoast_head":"<!-- This site is optimized with the Yoast SEO plugin v15.9.2 - https:\/\/yoast.com\/wordpress\/plugins\/seo\/ -->\n<title>1927 Gr\u00fcndung der Sport- und Spielvereinigung Markt Schwand - 1.FC Schwand<\/title>\n<meta property=\"og:locale\" content=\"de_DE\" \/>\n<meta property=\"og:type\" content=\"article\" \/>\n<meta property=\"og:title\" content=\"1927 Gr\u00fcndung der Sport- und Spielvereinigung Markt Schwand - 1.FC Schwand\" \/>\n<meta property=\"og:description\" content=\"Am 23. Oktober 1927war es soweit: 18 sport- und vor allem fu\u00dfballbegeisterte B\u00fcrger trafen sich im Gasthaus Fritz H\u00f6rl zur Gr\u00fcndungsversammlung eines Turn- und Sportvereins. Bereits in fr\u00fcheren Jahren wurde in Schwand unter dem Namen \u201eSport- und Spielvereinigung Markt Schwand&#8220; Sport betrieben, und es wurde beschlossen, diesen Namen weiterzuf\u00fchren. Als Vereinsfarben wurden Gr\u00fcn-Blau bestimmt und [&hellip;]\" \/>\n<meta property=\"og:url\" content=\"https:\/\/www.fcschwand.de\/home\/2020\/03\/01\/1927-gruendung-der-sport-und-spielvereinigung-markt-schwand\/\" \/>\n<meta property=\"og:site_name\" content=\"1.FC Schwand\" \/>\n<meta property=\"article:published_time\" content=\"2020-02-29T23:01:14+00:00\" \/>\n<meta property=\"article:modified_time\" content=\"2020-03-30T07:40:17+00:00\" \/>\n<meta name=\"twitter:card\" content=\"summary\" \/>\n<meta name=\"twitter:label1\" content=\"Gesch\u00e4tzte Lesezeit\">\n\t<meta name=\"twitter:data1\" content=\"1\u00a0Minute\">\n<script type=\"application\/ld+json\" class=\"yoast-schema-graph\">{\"@context\":\"https:\/\/schema.org\",\"@graph\":[{\"@type\":\"WebSite\",\"@id\":\"https:\/\/www.fcschwand.de\/home\/#website\",\"url\":\"https:\/\/www.fcschwand.de\/home\/\",\"name\":\"1.FC Schwand\",\"description\":\"Sport aus Leidenschaft\",\"potentialAction\":[{\"@type\":\"SearchAction\",\"target\":\"https:\/\/www.fcschwand.de\/home\/?s={search_term_string}\",\"query-input\":\"required name=search_term_string\"}],\"inLanguage\":\"de\"},{\"@type\":\"WebPage\",\"@id\":\"https:\/\/www.fcschwand.de\/home\/2020\/03\/01\/1927-gruendung-der-sport-und-spielvereinigung-markt-schwand\/#webpage\",\"url\":\"https:\/\/www.fcschwand.de\/home\/2020\/03\/01\/1927-gruendung-der-sport-und-spielvereinigung-markt-schwand\/\",\"name\":\"1927 Gr\\u00fcndung der Sport- und Spielvereinigung Markt Schwand - 1.FC Schwand\",\"isPartOf\":{\"@id\":\"https:\/\/www.fcschwand.de\/home\/#website\"},\"datePublished\":\"2020-02-29T23:01:14+00:00\",\"dateModified\":\"2020-03-30T07:40:17+00:00\",\"author\":{\"@id\":\"https:\/\/www.fcschwand.de\/home\/#\/schema\/person\/ddb7a2b5d26609759a85b75a74d0c60d\"},\"breadcrumb\":{\"@id\":\"https:\/\/www.fcschwand.de\/home\/2020\/03\/01\/1927-gruendung-der-sport-und-spielvereinigung-markt-schwand\/#breadcrumb\"},\"inLanguage\":\"de\",\"potentialAction\":[{\"@type\":\"ReadAction\",\"target\":[\"https:\/\/www.fcschwand.de\/home\/2020\/03\/01\/1927-gruendung-der-sport-und-spielvereinigung-markt-schwand\/\"]}]},{\"@type\":\"BreadcrumbList\",\"@id\":\"https:\/\/www.fcschwand.de\/home\/2020\/03\/01\/1927-gruendung-der-sport-und-spielvereinigung-markt-schwand\/#breadcrumb\",\"itemListElement\":[{\"@type\":\"ListItem\",\"position\":1,\"item\":{\"@type\":\"WebPage\",\"@id\":\"https:\/\/www.fcschwand.de\/home\/1-fc-schwand-sportverein-2\/\",\"url\":\"https:\/\/www.fcschwand.de\/home\/1-fc-schwand-sportverein-2\/\",\"name\":\"Startseite\"}},{\"@type\":\"ListItem\",\"position\":2,\"item\":{\"@type\":\"WebPage\",\"@id\":\"https:\/\/www.fcschwand.de\/home\/2020\/03\/01\/1927-gruendung-der-sport-und-spielvereinigung-markt-schwand\/\",\"url\":\"https:\/\/www.fcschwand.de\/home\/2020\/03\/01\/1927-gruendung-der-sport-und-spielvereinigung-markt-schwand\/\",\"name\":\"1927 Gr\\u00fcndung der Sport- und Spielvereinigung Markt Schwand\"}}]},{\"@type\":\"Person\",\"@id\":\"https:\/\/www.fcschwand.de\/home\/#\/schema\/person\/ddb7a2b5d26609759a85b75a74d0c60d\",\"name\":\"AlexHeinz\"}]}<\/script>\n<!-- \/ Yoast SEO plugin. -->","_links":{"self":[{"href":"https:\/\/www.fcschwand.de\/home\/wp-json\/wp\/v2\/posts\/4345"}],"collection":[{"href":"https:\/\/www.fcschwand.de\/home\/wp-json\/wp\/v2\/posts"}],"about":[{"href":"https:\/\/www.fcschwand.de\/home\/wp-json\/wp\/v2\/types\/post"}],"author":[{"embeddable":true,"href":"https:\/\/www.fcschwand.de\/home\/wp-json\/wp\/v2\/users\/7"}],"replies":[{"embeddable":true,"href":"https:\/\/www.fcschwand.de\/home\/wp-json\/wp\/v2\/comments?post=4345"}],"version-history":[{"count":4,"href":"https:\/\/www.fcschwand.de\/home\/wp-json\/wp\/v2\/posts\/4345\/revisions"}],"predecessor-version":[{"id":6050,"href":"https:\/\/www.fcschwand.de\/home\/wp-json\/wp\/v2\/posts\/4345\/revisions\/6050"}],"wp:attachment":[{"href":"https:\/\/www.fcschwand.de\/home\/wp-json\/wp\/v2\/media?parent=4345"}],"wp:term":[{"taxonomy":"category","embeddable":true,"href":"https:\/\/www.fcschwand.de\/home\/wp-json\/wp\/v2\/categories?post=4345"},{"taxonomy":"post_tag","embeddable":true,"href":"https:\/\/www.fcschwand.de\/home\/wp-json\/wp\/v2\/tags?post=4345"}],"curies":[{"name":"wp","href":"https:\/\/api.w.org\/{rel}","templated":true}]}}