{"id":4342,"date":"2020-03-02T21:35:05","date_gmt":"2020-03-02T20:35:05","guid":{"rendered":"https:\/\/www.fcschwand.de\/?p=4342"},"modified":"2020-03-07T09:00:25","modified_gmt":"2020-03-07T08:00:25","slug":"1933-aufloesung-nach-politischen-wirrungen","status":"publish","type":"post","link":"https:\/\/www.fcschwand.de\/home\/2020\/03\/02\/1933-aufloesung-nach-politischen-wirrungen\/","title":{"rendered":"1933 Aufl\u00f6sung nach politischen Wirrungen"},"content":{"rendered":"<div  class='avia-button-wrap avia-button-center  avia-builder-el-0  avia-builder-el-no-sibling ' ><a href='https:\/\/www.fcschwand.de\/home\/?page_id=2384'  class='avia-button  avia-color-blue   avia-icon_select-yes-left-icon avia-size-small avia-position-center '   ><span class='avia_button_icon avia_button_icon_left ' aria-hidden='true' data-av_icon='\ue831' data-av_iconfont='entypo-fontello'><\/span><span class='avia_iconbox_title' >zur\u00fcck zur Geschichte<\/span><\/a><\/div>\n<p>Ausgel\u00f6st vor allem durch politische Wirrungen musste das Gel\u00e4nde 1933 versteigert werden und die \u201eSport- und Spielvereinigung&#8220; wurde am <strong> 05. M\u00e4rz <\/strong> <strong>1933<\/strong> aufgel\u00f6st. Martin Feyerlein, Leonhard Schickedanz und Georg B\u00f6hm waren in diesem Zeitraum jeweils als Vorst\u00e4nde t\u00e4tig.<\/p>\n","protected":false},"excerpt":{"rendered":"<p>Ausgel\u00f6st vor allem durch politische Wirrungen musste das Gel\u00e4nde 1933 versteigert werden und die \u201eSport- und Spielvereinigung&#8220; wurde am 05. M\u00e4rz 1933 aufgel\u00f6st. Martin Feyerlein, Leonhard Schickedanz und Georg B\u00f6hm waren in diesem Zeitraum jeweils als Vorst\u00e4nde t\u00e4tig.<\/p>\n","protected":false},"author":7,"featured_media":0,"comment_status":"open","ping_status":"closed","sticky":false,"template":"","format":"standard","meta":[],"categories":[42],"tags":[],"yoast_head":"<!-- This site is optimized with the Yoast SEO plugin v15.9.2 - https:\/\/yoast.com\/wordpress\/plugins\/seo\/ -->\n<title>1933 Aufl\u00f6sung nach politischen Wirrungen - 1.FC Schwand<\/title>\n<meta property=\"og:locale\" content=\"de_DE\" \/>\n<meta property=\"og:type\" content=\"article\" \/>\n<meta property=\"og:title\" content=\"1933 Aufl\u00f6sung nach politischen Wirrungen - 1.FC Schwand\" \/>\n<meta property=\"og:description\" content=\"Ausgel\u00f6st vor allem durch politische Wirrungen musste das Gel\u00e4nde 1933 versteigert werden und die \u201eSport- und Spielvereinigung&#8220; wurde am 05. M\u00e4rz 1933 aufgel\u00f6st. Martin Feyerlein, Leonhard Schickedanz und Georg B\u00f6hm waren in diesem Zeitraum jeweils als Vorst\u00e4nde t\u00e4tig.\" \/>\n<meta property=\"og:url\" content=\"https:\/\/www.fcschwand.de\/home\/2020\/03\/02\/1933-aufloesung-nach-politischen-wirrungen\/\" \/>\n<meta property=\"og:site_name\" content=\"1.FC Schwand\" \/>\n<meta property=\"article:published_time\" content=\"2020-03-02T20:35:05+00:00\" \/>\n<meta property=\"article:modified_time\" content=\"2020-03-07T08:00:25+00:00\" \/>\n<meta name=\"twitter:card\" content=\"summary\" \/>\n<script type=\"application\/ld+json\" class=\"yoast-schema-graph\">{\"@context\":\"https:\/\/schema.org\",\"@graph\":[{\"@type\":\"WebSite\",\"@id\":\"https:\/\/www.fcschwand.de\/home\/#website\",\"url\":\"https:\/\/www.fcschwand.de\/home\/\",\"name\":\"1.FC Schwand\",\"description\":\"Sport aus Leidenschaft\",\"potentialAction\":[{\"@type\":\"SearchAction\",\"target\":\"https:\/\/www.fcschwand.de\/home\/?s={search_term_string}\",\"query-input\":\"required name=search_term_string\"}],\"inLanguage\":\"de\"},{\"@type\":\"WebPage\",\"@id\":\"https:\/\/www.fcschwand.de\/home\/2020\/03\/02\/1933-aufloesung-nach-politischen-wirrungen\/#webpage\",\"url\":\"https:\/\/www.fcschwand.de\/home\/2020\/03\/02\/1933-aufloesung-nach-politischen-wirrungen\/\",\"name\":\"1933 Aufl\\u00f6sung nach politischen Wirrungen - 1.FC Schwand\",\"isPartOf\":{\"@id\":\"https:\/\/www.fcschwand.de\/home\/#website\"},\"datePublished\":\"2020-03-02T20:35:05+00:00\",\"dateModified\":\"2020-03-07T08:00:25+00:00\",\"author\":{\"@id\":\"https:\/\/www.fcschwand.de\/home\/#\/schema\/person\/ddb7a2b5d26609759a85b75a74d0c60d\"},\"breadcrumb\":{\"@id\":\"https:\/\/www.fcschwand.de\/home\/2020\/03\/02\/1933-aufloesung-nach-politischen-wirrungen\/#breadcrumb\"},\"inLanguage\":\"de\",\"potentialAction\":[{\"@type\":\"ReadAction\",\"target\":[\"https:\/\/www.fcschwand.de\/home\/2020\/03\/02\/1933-aufloesung-nach-politischen-wirrungen\/\"]}]},{\"@type\":\"BreadcrumbList\",\"@id\":\"https:\/\/www.fcschwand.de\/home\/2020\/03\/02\/1933-aufloesung-nach-politischen-wirrungen\/#breadcrumb\",\"itemListElement\":[{\"@type\":\"ListItem\",\"position\":1,\"item\":{\"@type\":\"WebPage\",\"@id\":\"https:\/\/www.fcschwand.de\/home\/1-fc-schwand-sportverein-2\/\",\"url\":\"https:\/\/www.fcschwand.de\/home\/1-fc-schwand-sportverein-2\/\",\"name\":\"Startseite\"}},{\"@type\":\"ListItem\",\"position\":2,\"item\":{\"@type\":\"WebPage\",\"@id\":\"https:\/\/www.fcschwand.de\/home\/2020\/03\/02\/1933-aufloesung-nach-politischen-wirrungen\/\",\"url\":\"https:\/\/www.fcschwand.de\/home\/2020\/03\/02\/1933-aufloesung-nach-politischen-wirrungen\/\",\"name\":\"1933 Aufl\\u00f6sung nach politischen Wirrungen\"}}]},{\"@type\":\"Person\",\"@id\":\"https:\/\/www.fcschwand.de\/home\/#\/schema\/person\/ddb7a2b5d26609759a85b75a74d0c60d\",\"name\":\"AlexHeinz\"}]}<\/script>\n<!-- \/ Yoast SEO plugin. -->","_links":{"self":[{"href":"https:\/\/www.fcschwand.de\/home\/wp-json\/wp\/v2\/posts\/4342"}],"collection":[{"href":"https:\/\/www.fcschwand.de\/home\/wp-json\/wp\/v2\/posts"}],"about":[{"href":"https:\/\/www.fcschwand.de\/home\/wp-json\/wp\/v2\/types\/post"}],"author":[{"embeddable":true,"href":"https:\/\/www.fcschwand.de\/home\/wp-json\/wp\/v2\/users\/7"}],"replies":[{"embeddable":true,"href":"https:\/\/www.fcschwand.de\/home\/wp-json\/wp\/v2\/comments?post=4342"}],"version-history":[{"count":3,"href":"https:\/\/www.fcschwand.de\/home\/wp-json\/wp\/v2\/posts\/4342\/revisions"}],"predecessor-version":[{"id":4392,"href":"https:\/\/www.fcschwand.de\/home\/wp-json\/wp\/v2\/posts\/4342\/revisions\/4392"}],"wp:attachment":[{"href":"https:\/\/www.fcschwand.de\/home\/wp-json\/wp\/v2\/media?parent=4342"}],"wp:term":[{"taxonomy":"category","embeddable":true,"href":"https:\/\/www.fcschwand.de\/home\/wp-json\/wp\/v2\/categories?post=4342"},{"taxonomy":"post_tag","embeddable":true,"href":"https:\/\/www.fcschwand.de\/home\/wp-json\/wp\/v2\/tags?post=4342"}],"curies":[{"name":"wp","href":"https:\/\/api.w.org\/{rel}","templated":true}]}}