{"id":4294,"date":"2020-03-02T21:16:15","date_gmt":"2020-03-02T20:16:15","guid":{"rendered":"https:\/\/www.fcschwand.de\/?p=4294"},"modified":"2020-03-07T09:00:25","modified_gmt":"2020-03-07T08:00:25","slug":"1997-einweihung-des-neuen-sportplatzes-und-aufstieg-der-fussballer-in-die-bezirksliga","status":"publish","type":"post","link":"https:\/\/www.fcschwand.de\/home\/2020\/03\/02\/1997-einweihung-des-neuen-sportplatzes-und-aufstieg-der-fussballer-in-die-bezirksliga\/","title":{"rendered":"1997 Einweihung des neuen Sportplatzes und Aufstieg der Fu\u00dfballer in die Bezirksliga"},"content":{"rendered":"<div  class='avia-button-wrap avia-button-center  avia-builder-el-0  avia-builder-el-no-sibling ' ><a href='https:\/\/www.fcschwand.de\/home\/?page_id=2384'  class='avia-button  avia-color-blue   avia-icon_select-yes-left-icon avia-size-small avia-position-center '   ><span class='avia_button_icon avia_button_icon_left ' aria-hidden='true' data-av_icon='' data-av_iconfont='entypo-fontello'><\/span><span class='avia_iconbox_title' >zur\u00fcck zur Geschichte<\/span><\/a><\/div>\n<div>\n<p>\u00a0Im <strong>M\u00e4rz 1996<\/strong> erfolgten die Ausschreibungen f\u00fcr den Sportplatz-Neubau, und obwohl die Arbeiten z\u00fcgig vorangingen, konnte der Platz erst <strong>Mitte 1997<\/strong> bespielt werden. Die Einweihung erfolgte bereits im <strong>September 1996 <\/strong>mit einem \u00f6kumenischen Gottesdienst, Vorf\u00fchrungen aller Abteilungen und einem Fu\u00dfball-Spiel Gemeindeverwaltung Schwanstetten gegen die Vorstandschaft des 1. FC Schwand. In der Saison <strong>1996\/97 <\/strong>wurde unsere I. Fu\u00dfball-Mannschaft Meister der A-Klasse Jura Nord und stieg in die Bezirksliga auf: der gr\u00f6\u00dfte Erfolg in der Vereinsgeschichte. Im Laufe des Jahres <strong>1997 <\/strong>wurden die Umkleidekabinen mit Duschen umgebaut, renoviert und auf den neuesten Stand gebracht. <strong>28.09.1997: Der FC Schwand feiert seinen 70. Geburtstag.<\/strong> Wir feiern unseren 70. Geburtstag mit einer Gro\u00dfveranstaltung auf unserem Sportgel\u00e4nde: Sportfr\u00fchschoppen, gemeinsames Mittagessen, Vorf\u00fchr- und Mitmachaktionen aller Abteilungen und zum Abschluss der sportliche Wettkampf: das Fu\u00dfballspiel Mitarbeiter der Gemeinde gegen die Vorstandschaft. Ein spannendes Spiel fand auch beim anschlie\u00dfenden Elfmeterschie\u00dfen keinen eindeutigen Sieger, aber ein sch\u00f6ner Tag ein w\u00fcrdiges Ende. Ab dem <strong>Fr\u00fchjahr 1998 <\/strong>mussten die Lautsprecherdurchsagen bei den Heimspielen der Bezirksligamannschaft eingestellt werden. Ruhest\u00f6rung!<\/p>\n<\/div>\n","protected":false},"excerpt":{"rendered":"<p>\u00a0Im M\u00e4rz 1996 erfolgten die Ausschreibungen f\u00fcr den Sportplatz-Neubau, und obwohl die Arbeiten z\u00fcgig vorangingen, konnte der Platz erst Mitte 1997 bespielt werden. Die Einweihung erfolgte bereits im September 1996 mit einem \u00f6kumenischen Gottesdienst, Vorf\u00fchrungen aller Abteilungen und einem Fu\u00dfball-Spiel Gemeindeverwaltung Schwanstetten gegen die Vorstandschaft des 1. FC Schwand. In der Saison 1996\/97 wurde unsere [&hellip;]<\/p>\n","protected":false},"author":7,"featured_media":0,"comment_status":"open","ping_status":"closed","sticky":false,"template":"","format":"standard","meta":[],"categories":[42],"tags":[],"yoast_head":"<!-- This site is optimized with the Yoast SEO plugin v15.9.2 - https:\/\/yoast.com\/wordpress\/plugins\/seo\/ -->\n<title>1997 Einweihung des neuen Sportplatzes und Aufstieg der Fu\u00dfballer in die Bezirksliga - 1.FC Schwand<\/title>\n<meta property=\"og:locale\" content=\"de_DE\" \/>\n<meta property=\"og:type\" content=\"article\" \/>\n<meta property=\"og:title\" content=\"1997 Einweihung des neuen Sportplatzes und Aufstieg der Fu\u00dfballer in die Bezirksliga - 1.FC Schwand\" \/>\n<meta property=\"og:description\" content=\"\u00a0Im M\u00e4rz 1996 erfolgten die Ausschreibungen f\u00fcr den Sportplatz-Neubau, und obwohl die Arbeiten z\u00fcgig vorangingen, konnte der Platz erst Mitte 1997 bespielt werden. Die Einweihung erfolgte bereits im September 1996 mit einem \u00f6kumenischen Gottesdienst, Vorf\u00fchrungen aller Abteilungen und einem Fu\u00dfball-Spiel Gemeindeverwaltung Schwanstetten gegen die Vorstandschaft des 1. FC Schwand. In der Saison 1996\/97 wurde unsere [&hellip;]\" \/>\n<meta property=\"og:url\" content=\"https:\/\/www.fcschwand.de\/home\/2020\/03\/02\/1997-einweihung-des-neuen-sportplatzes-und-aufstieg-der-fussballer-in-die-bezirksliga\/\" \/>\n<meta property=\"og:site_name\" content=\"1.FC Schwand\" \/>\n<meta property=\"article:published_time\" content=\"2020-03-02T20:16:15+00:00\" \/>\n<meta property=\"article:modified_time\" content=\"2020-03-07T08:00:25+00:00\" \/>\n<meta name=\"twitter:card\" content=\"summary\" \/>\n<meta name=\"twitter:label1\" content=\"Gesch\u00e4tzte Lesezeit\">\n\t<meta name=\"twitter:data1\" content=\"1\u00a0Minute\">\n<script type=\"application\/ld+json\" class=\"yoast-schema-graph\">{\"@context\":\"https:\/\/schema.org\",\"@graph\":[{\"@type\":\"WebSite\",\"@id\":\"https:\/\/www.fcschwand.de\/home\/#website\",\"url\":\"https:\/\/www.fcschwand.de\/home\/\",\"name\":\"1.FC Schwand\",\"description\":\"Sport aus Leidenschaft\",\"potentialAction\":[{\"@type\":\"SearchAction\",\"target\":\"https:\/\/www.fcschwand.de\/home\/?s={search_term_string}\",\"query-input\":\"required name=search_term_string\"}],\"inLanguage\":\"de\"},{\"@type\":\"WebPage\",\"@id\":\"https:\/\/www.fcschwand.de\/home\/2020\/03\/02\/1997-einweihung-des-neuen-sportplatzes-und-aufstieg-der-fussballer-in-die-bezirksliga\/#webpage\",\"url\":\"https:\/\/www.fcschwand.de\/home\/2020\/03\/02\/1997-einweihung-des-neuen-sportplatzes-und-aufstieg-der-fussballer-in-die-bezirksliga\/\",\"name\":\"1997 Einweihung des neuen Sportplatzes und Aufstieg der Fu\\u00dfballer in die Bezirksliga - 1.FC Schwand\",\"isPartOf\":{\"@id\":\"https:\/\/www.fcschwand.de\/home\/#website\"},\"datePublished\":\"2020-03-02T20:16:15+00:00\",\"dateModified\":\"2020-03-07T08:00:25+00:00\",\"author\":{\"@id\":\"https:\/\/www.fcschwand.de\/home\/#\/schema\/person\/ddb7a2b5d26609759a85b75a74d0c60d\"},\"breadcrumb\":{\"@id\":\"https:\/\/www.fcschwand.de\/home\/2020\/03\/02\/1997-einweihung-des-neuen-sportplatzes-und-aufstieg-der-fussballer-in-die-bezirksliga\/#breadcrumb\"},\"inLanguage\":\"de\",\"potentialAction\":[{\"@type\":\"ReadAction\",\"target\":[\"https:\/\/www.fcschwand.de\/home\/2020\/03\/02\/1997-einweihung-des-neuen-sportplatzes-und-aufstieg-der-fussballer-in-die-bezirksliga\/\"]}]},{\"@type\":\"BreadcrumbList\",\"@id\":\"https:\/\/www.fcschwand.de\/home\/2020\/03\/02\/1997-einweihung-des-neuen-sportplatzes-und-aufstieg-der-fussballer-in-die-bezirksliga\/#breadcrumb\",\"itemListElement\":[{\"@type\":\"ListItem\",\"position\":1,\"item\":{\"@type\":\"WebPage\",\"@id\":\"https:\/\/www.fcschwand.de\/home\/1-fc-schwand-sportverein-2\/\",\"url\":\"https:\/\/www.fcschwand.de\/home\/1-fc-schwand-sportverein-2\/\",\"name\":\"Startseite\"}},{\"@type\":\"ListItem\",\"position\":2,\"item\":{\"@type\":\"WebPage\",\"@id\":\"https:\/\/www.fcschwand.de\/home\/2020\/03\/02\/1997-einweihung-des-neuen-sportplatzes-und-aufstieg-der-fussballer-in-die-bezirksliga\/\",\"url\":\"https:\/\/www.fcschwand.de\/home\/2020\/03\/02\/1997-einweihung-des-neuen-sportplatzes-und-aufstieg-der-fussballer-in-die-bezirksliga\/\",\"name\":\"1997 Einweihung des neuen Sportplatzes und Aufstieg der Fu\\u00dfballer in die Bezirksliga\"}}]},{\"@type\":\"Person\",\"@id\":\"https:\/\/www.fcschwand.de\/home\/#\/schema\/person\/ddb7a2b5d26609759a85b75a74d0c60d\",\"name\":\"AlexHeinz\"}]}<\/script>\n<!-- \/ Yoast SEO plugin. -->","_links":{"self":[{"href":"https:\/\/www.fcschwand.de\/home\/wp-json\/wp\/v2\/posts\/4294"}],"collection":[{"href":"https:\/\/www.fcschwand.de\/home\/wp-json\/wp\/v2\/posts"}],"about":[{"href":"https:\/\/www.fcschwand.de\/home\/wp-json\/wp\/v2\/types\/post"}],"author":[{"embeddable":true,"href":"https:\/\/www.fcschwand.de\/home\/wp-json\/wp\/v2\/users\/7"}],"replies":[{"embeddable":true,"href":"https:\/\/www.fcschwand.de\/home\/wp-json\/wp\/v2\/comments?post=4294"}],"version-history":[{"count":3,"href":"https:\/\/www.fcschwand.de\/home\/wp-json\/wp\/v2\/posts\/4294\/revisions"}],"predecessor-version":[{"id":4368,"href":"https:\/\/www.fcschwand.de\/home\/wp-json\/wp\/v2\/posts\/4294\/revisions\/4368"}],"wp:attachment":[{"href":"https:\/\/www.fcschwand.de\/home\/wp-json\/wp\/v2\/media?parent=4294"}],"wp:term":[{"taxonomy":"category","embeddable":true,"href":"https:\/\/www.fcschwand.de\/home\/wp-json\/wp\/v2\/categories?post=4294"},{"taxonomy":"post_tag","embeddable":true,"href":"https:\/\/www.fcschwand.de\/home\/wp-json\/wp\/v2\/tags?post=4294"}],"curies":[{"name":"wp","href":"https:\/\/api.w.org\/{rel}","templated":true}]}}