{"id":4291,"date":"2020-03-02T21:27:39","date_gmt":"2020-03-02T20:27:39","guid":{"rendered":"https:\/\/www.fcschwand.de\/?p=4291"},"modified":"2020-03-07T09:00:25","modified_gmt":"2020-03-07T08:00:25","slug":"1963-eintrag-ins-vereinsregister-mit-dem-namen-1-fc-schwand-e-v","status":"publish","type":"post","link":"https:\/\/www.fcschwand.de\/home\/2020\/03\/02\/1963-eintrag-ins-vereinsregister-mit-dem-namen-1-fc-schwand-e-v\/","title":{"rendered":"1963 Eintrag ins Vereinsregister mit dem Namen &#8222;1.FC Schwand e.V.&#8220;"},"content":{"rendered":"<div  class='avia-button-wrap avia-button-center  avia-builder-el-0  avia-builder-el-no-sibling ' ><a href='https:\/\/www.fcschwand.de\/home\/?page_id=2384'  class='avia-button  avia-color-blue   avia-icon_select-yes-left-icon avia-size-small avia-position-center '   ><span class='avia_button_icon avia_button_icon_left ' aria-hidden='true' data-av_icon='\ue831' data-av_iconfont='entypo-fontello'><\/span><span class='avia_iconbox_title' >zur\u00fcck zur Geschichte<\/span><\/a><\/div>\n<div>\n<p>Am <strong>29. M\u00e4rz 1963 <\/strong>wurde unser Verein dann unter dem Namen \u201e<strong>1. FC Schwand e.V<\/strong>.&#8220; ins Vereinsregister eingetragen. <strong>1966 <\/strong>stellte die M\u00e4delgruppe der Turn-Abteilung im Fasching die Prinzengarde. Ebenfalls <strong>1966 <\/strong>wurde in der Fu\u00dfballabteilung eine Alt-Herren-Mannschaft gegr\u00fcndet. Die Baut\u00e4tigkeiten nahmen kein Ende. <strong>1967 <\/strong>plante man, die Turnhalle mit einem Wirtschaftsanbau und einigen weiteren R\u00e4umen zu erweitern. <strong>1968 <\/strong>erwarb der Verein das Grundst\u00fcck unterhalb der Sporthalle und bereits <strong>1970 <\/strong>konnte &#8211; ebenfalls wieder mit finanzieller Unterst\u00fctzung der Fa. Leitner, Schwabach &#8211; Einweihung gefeiert werden. <strong>Ende der sechziger Jahre <\/strong>nahm der FC Schwand mit 2 Sch\u00fclermannschaften, 1 Jugendmannschaft, 2 Senioren- und einer Alt-Herrenmannschaft am Spielbetrieb teil. Bereits zu diesem Zeitpunkt wurde der Wunsch nach einem 2. Sportplatz deutlich. Wegen verschiedener Differenzen innerhalb der Vorstandschaft legte der 1.Vorstand Anton Stadelbauer im <strong>M\u00e4rz 1971 <\/strong>sein Amt nieder. Der 2. Vorstand \u00fcbte ab <strong>01.04.71 <\/strong>das Amt zun\u00e4chst kommissarisch aus. <strong>Herr Johann Dittl <\/strong>wurde auf Grund seiner gro\u00dfen Verdienste um den Verein im <strong>November 1972 <\/strong>zum Ehrenvorstand ernannt. <strong>1973 <\/strong>beschloss man, die Vereinsbeitr\u00e4ge per Bankeinzugsverfahren beizubringen. <strong>1974 <\/strong>wurde die Skigymnastik-Abteilung unter der Leitung von Friedrich H\u00f6rl, die zun\u00e4chst noch als Unterabteilung bei den Turnern eingegliedert war, gegr\u00fcndet.<\/p>\n<\/div>\n","protected":false},"excerpt":{"rendered":"<p>Am 29. M\u00e4rz 1963 wurde unser Verein dann unter dem Namen \u201e1. FC Schwand e.V.&#8220; ins Vereinsregister eingetragen. 1966 stellte die M\u00e4delgruppe der Turn-Abteilung im Fasching die Prinzengarde. Ebenfalls 1966 wurde in der Fu\u00dfballabteilung eine Alt-Herren-Mannschaft gegr\u00fcndet. Die Baut\u00e4tigkeiten nahmen kein Ende. 1967 plante man, die Turnhalle mit einem Wirtschaftsanbau und einigen weiteren R\u00e4umen zu [&hellip;]<\/p>\n","protected":false},"author":7,"featured_media":0,"comment_status":"open","ping_status":"closed","sticky":false,"template":"","format":"standard","meta":[],"categories":[42],"tags":[],"yoast_head":"<!-- This site is optimized with the Yoast SEO plugin v15.9.2 - https:\/\/yoast.com\/wordpress\/plugins\/seo\/ -->\n<title>1963 Eintrag ins Vereinsregister mit dem Namen &quot;1.FC Schwand e.V.&quot; - 1.FC Schwand<\/title>\n<meta property=\"og:locale\" content=\"de_DE\" \/>\n<meta property=\"og:type\" content=\"article\" \/>\n<meta property=\"og:title\" content=\"1963 Eintrag ins Vereinsregister mit dem Namen &quot;1.FC Schwand e.V.&quot; - 1.FC Schwand\" \/>\n<meta property=\"og:description\" content=\"Am 29. M\u00e4rz 1963 wurde unser Verein dann unter dem Namen \u201e1. FC Schwand e.V.&#8220; ins Vereinsregister eingetragen. 1966 stellte die M\u00e4delgruppe der Turn-Abteilung im Fasching die Prinzengarde. Ebenfalls 1966 wurde in der Fu\u00dfballabteilung eine Alt-Herren-Mannschaft gegr\u00fcndet. Die Baut\u00e4tigkeiten nahmen kein Ende. 1967 plante man, die Turnhalle mit einem Wirtschaftsanbau und einigen weiteren R\u00e4umen zu [&hellip;]\" \/>\n<meta property=\"og:url\" content=\"https:\/\/www.fcschwand.de\/home\/2020\/03\/02\/1963-eintrag-ins-vereinsregister-mit-dem-namen-1-fc-schwand-e-v\/\" \/>\n<meta property=\"og:site_name\" content=\"1.FC Schwand\" \/>\n<meta property=\"article:published_time\" content=\"2020-03-02T20:27:39+00:00\" \/>\n<meta property=\"article:modified_time\" content=\"2020-03-07T08:00:25+00:00\" \/>\n<meta name=\"twitter:card\" content=\"summary\" \/>\n<meta name=\"twitter:label1\" content=\"Gesch\u00e4tzte Lesezeit\">\n\t<meta name=\"twitter:data1\" content=\"1\u00a0Minute\">\n<script type=\"application\/ld+json\" class=\"yoast-schema-graph\">{\"@context\":\"https:\/\/schema.org\",\"@graph\":[{\"@type\":\"WebSite\",\"@id\":\"https:\/\/www.fcschwand.de\/home\/#website\",\"url\":\"https:\/\/www.fcschwand.de\/home\/\",\"name\":\"1.FC Schwand\",\"description\":\"Sport aus Leidenschaft\",\"potentialAction\":[{\"@type\":\"SearchAction\",\"target\":\"https:\/\/www.fcschwand.de\/home\/?s={search_term_string}\",\"query-input\":\"required name=search_term_string\"}],\"inLanguage\":\"de\"},{\"@type\":\"WebPage\",\"@id\":\"https:\/\/www.fcschwand.de\/home\/2020\/03\/02\/1963-eintrag-ins-vereinsregister-mit-dem-namen-1-fc-schwand-e-v\/#webpage\",\"url\":\"https:\/\/www.fcschwand.de\/home\/2020\/03\/02\/1963-eintrag-ins-vereinsregister-mit-dem-namen-1-fc-schwand-e-v\/\",\"name\":\"1963 Eintrag ins Vereinsregister mit dem Namen \\\"1.FC Schwand e.V.\\\" - 1.FC Schwand\",\"isPartOf\":{\"@id\":\"https:\/\/www.fcschwand.de\/home\/#website\"},\"datePublished\":\"2020-03-02T20:27:39+00:00\",\"dateModified\":\"2020-03-07T08:00:25+00:00\",\"author\":{\"@id\":\"https:\/\/www.fcschwand.de\/home\/#\/schema\/person\/ddb7a2b5d26609759a85b75a74d0c60d\"},\"breadcrumb\":{\"@id\":\"https:\/\/www.fcschwand.de\/home\/2020\/03\/02\/1963-eintrag-ins-vereinsregister-mit-dem-namen-1-fc-schwand-e-v\/#breadcrumb\"},\"inLanguage\":\"de\",\"potentialAction\":[{\"@type\":\"ReadAction\",\"target\":[\"https:\/\/www.fcschwand.de\/home\/2020\/03\/02\/1963-eintrag-ins-vereinsregister-mit-dem-namen-1-fc-schwand-e-v\/\"]}]},{\"@type\":\"BreadcrumbList\",\"@id\":\"https:\/\/www.fcschwand.de\/home\/2020\/03\/02\/1963-eintrag-ins-vereinsregister-mit-dem-namen-1-fc-schwand-e-v\/#breadcrumb\",\"itemListElement\":[{\"@type\":\"ListItem\",\"position\":1,\"item\":{\"@type\":\"WebPage\",\"@id\":\"https:\/\/www.fcschwand.de\/home\/1-fc-schwand-sportverein-2\/\",\"url\":\"https:\/\/www.fcschwand.de\/home\/1-fc-schwand-sportverein-2\/\",\"name\":\"Startseite\"}},{\"@type\":\"ListItem\",\"position\":2,\"item\":{\"@type\":\"WebPage\",\"@id\":\"https:\/\/www.fcschwand.de\/home\/2020\/03\/02\/1963-eintrag-ins-vereinsregister-mit-dem-namen-1-fc-schwand-e-v\/\",\"url\":\"https:\/\/www.fcschwand.de\/home\/2020\/03\/02\/1963-eintrag-ins-vereinsregister-mit-dem-namen-1-fc-schwand-e-v\/\",\"name\":\"1963 Eintrag ins Vereinsregister mit dem Namen &#8222;1.FC Schwand e.V.&#8220;\"}}]},{\"@type\":\"Person\",\"@id\":\"https:\/\/www.fcschwand.de\/home\/#\/schema\/person\/ddb7a2b5d26609759a85b75a74d0c60d\",\"name\":\"AlexHeinz\"}]}<\/script>\n<!-- \/ Yoast SEO plugin. -->","_links":{"self":[{"href":"https:\/\/www.fcschwand.de\/home\/wp-json\/wp\/v2\/posts\/4291"}],"collection":[{"href":"https:\/\/www.fcschwand.de\/home\/wp-json\/wp\/v2\/posts"}],"about":[{"href":"https:\/\/www.fcschwand.de\/home\/wp-json\/wp\/v2\/types\/post"}],"author":[{"embeddable":true,"href":"https:\/\/www.fcschwand.de\/home\/wp-json\/wp\/v2\/users\/7"}],"replies":[{"embeddable":true,"href":"https:\/\/www.fcschwand.de\/home\/wp-json\/wp\/v2\/comments?post=4291"}],"version-history":[{"count":3,"href":"https:\/\/www.fcschwand.de\/home\/wp-json\/wp\/v2\/posts\/4291\/revisions"}],"predecessor-version":[{"id":4333,"href":"https:\/\/www.fcschwand.de\/home\/wp-json\/wp\/v2\/posts\/4291\/revisions\/4333"}],"wp:attachment":[{"href":"https:\/\/www.fcschwand.de\/home\/wp-json\/wp\/v2\/media?parent=4291"}],"wp:term":[{"taxonomy":"category","embeddable":true,"href":"https:\/\/www.fcschwand.de\/home\/wp-json\/wp\/v2\/categories?post=4291"},{"taxonomy":"post_tag","embeddable":true,"href":"https:\/\/www.fcschwand.de\/home\/wp-json\/wp\/v2\/tags?post=4291"}],"curies":[{"name":"wp","href":"https:\/\/api.w.org\/{rel}","templated":true}]}}