{"id":4281,"date":"2020-03-02T21:12:23","date_gmt":"2020-03-02T20:12:23","guid":{"rendered":"https:\/\/www.fcschwand.de\/?p=4281"},"modified":"2020-03-07T09:00:25","modified_gmt":"2020-03-07T08:00:25","slug":"2002-75-jahre-1-fc-schwand-goldene-raute-sueddeutsche-meister-und-europameister-in-schwand","status":"publish","type":"post","link":"https:\/\/www.fcschwand.de\/home\/2020\/03\/02\/2002-75-jahre-1-fc-schwand-goldene-raute-sueddeutsche-meister-und-europameister-in-schwand\/","title":{"rendered":"2002 75 Jahre 1.FC Schwand, Goldene Raute, S\u00fcddeutsche Meister und Europameister in Schwand"},"content":{"rendered":"<div  class='avia-button-wrap avia-button-center  avia-builder-el-0  avia-builder-el-no-sibling ' ><a href='https:\/\/www.fcschwand.de\/home\/?page_id=2384'  class='avia-button  avia-color-blue   avia-icon_select-yes-left-icon avia-size-small avia-position-center '   ><span class='avia_button_icon avia_button_icon_left ' aria-hidden='true' data-av_icon='\ue831' data-av_iconfont='entypo-fontello'><\/span><span class='avia_iconbox_title' >zur\u00fcck zur Geschichte<\/span><\/a><\/div>\n<div>\n<p><span class=\"heading\"><strong>2002 <\/strong>ist ein gro\u00dfes Jahr f\u00fcr den 1.FC Schwand. Der Verein besteht nun schon seit 75 Jahren und kann beim Festkommers unter anderen Gastredner Manfred Wei\u00df (Justizminister) begr\u00fc\u00dfen. Des weiteren wird zum &#8222;Geburtstag&#8220; eine Festzeltparty organisiert, die vom Radiosender N1 unterst\u00fctzt wird. Der Verein wird 2002 mit der <strong>Goldenen Raute<\/strong> ausgezeichnet. Nach zwei Silbernen Rauten kann der Verein weiter seinen ehrenamtlichen Standart und Status halten und weiter ausbauen. Es wir zum ersten Mal ein Mensch-\u00e4rgere-dich-nicht-Turnier ausgetragen und von da an alle weiteren Jahre. Auch sportliche Erfolge bleiben 2002 nicht aus: Angelika Sporer und Eric Wolf werden <strong>S\u00fcddeutsche Meister<\/strong> im Rock`n`Roll (A-Klasse) und Markus Buder, Torwart der Ersten wird mit der Universit\u00e4t Erlangen-N\u00fcrnberg in Barcelona <strong>Europameister<\/strong><\/span><span class=\"heading\">. Einziger Wehrmutstropfen ist der Abstieg der Ersten 2001\/02 in die Kreisliga.<\/span><\/p>\n<\/div>\n","protected":false},"excerpt":{"rendered":"<p>2002 ist ein gro\u00dfes Jahr f\u00fcr den 1.FC Schwand. Der Verein besteht nun schon seit 75 Jahren und kann beim Festkommers unter anderen Gastredner Manfred Wei\u00df (Justizminister) begr\u00fc\u00dfen. Des weiteren wird zum &#8222;Geburtstag&#8220; eine Festzeltparty organisiert, die vom Radiosender N1 unterst\u00fctzt wird. Der Verein wird 2002 mit der Goldenen Raute ausgezeichnet. Nach zwei Silbernen Rauten [&hellip;]<\/p>\n","protected":false},"author":7,"featured_media":0,"comment_status":"open","ping_status":"closed","sticky":false,"template":"","format":"standard","meta":[],"categories":[42],"tags":[],"yoast_head":"<!-- This site is optimized with the Yoast SEO plugin v15.9.2 - https:\/\/yoast.com\/wordpress\/plugins\/seo\/ -->\n<title>2002 75 Jahre 1.FC Schwand, Goldene Raute, S\u00fcddeutsche Meister und Europameister in Schwand - 1.FC Schwand<\/title>\n<meta property=\"og:locale\" content=\"de_DE\" \/>\n<meta property=\"og:type\" content=\"article\" \/>\n<meta property=\"og:title\" content=\"2002 75 Jahre 1.FC Schwand, Goldene Raute, S\u00fcddeutsche Meister und Europameister in Schwand - 1.FC Schwand\" \/>\n<meta property=\"og:description\" content=\"2002 ist ein gro\u00dfes Jahr f\u00fcr den 1.FC Schwand. Der Verein besteht nun schon seit 75 Jahren und kann beim Festkommers unter anderen Gastredner Manfred Wei\u00df (Justizminister) begr\u00fc\u00dfen. Des weiteren wird zum &#8222;Geburtstag&#8220; eine Festzeltparty organisiert, die vom Radiosender N1 unterst\u00fctzt wird. Der Verein wird 2002 mit der Goldenen Raute ausgezeichnet. Nach zwei Silbernen Rauten [&hellip;]\" \/>\n<meta property=\"og:url\" content=\"https:\/\/www.fcschwand.de\/home\/2020\/03\/02\/2002-75-jahre-1-fc-schwand-goldene-raute-sueddeutsche-meister-und-europameister-in-schwand\/\" \/>\n<meta property=\"og:site_name\" content=\"1.FC Schwand\" \/>\n<meta property=\"article:published_time\" content=\"2020-03-02T20:12:23+00:00\" \/>\n<meta property=\"article:modified_time\" content=\"2020-03-07T08:00:25+00:00\" \/>\n<meta name=\"twitter:card\" content=\"summary\" \/>\n<meta name=\"twitter:label1\" content=\"Gesch\u00e4tzte Lesezeit\">\n\t<meta name=\"twitter:data1\" content=\"1\u00a0Minute\">\n<script type=\"application\/ld+json\" class=\"yoast-schema-graph\">{\"@context\":\"https:\/\/schema.org\",\"@graph\":[{\"@type\":\"WebSite\",\"@id\":\"https:\/\/www.fcschwand.de\/home\/#website\",\"url\":\"https:\/\/www.fcschwand.de\/home\/\",\"name\":\"1.FC Schwand\",\"description\":\"Sport aus Leidenschaft\",\"potentialAction\":[{\"@type\":\"SearchAction\",\"target\":\"https:\/\/www.fcschwand.de\/home\/?s={search_term_string}\",\"query-input\":\"required name=search_term_string\"}],\"inLanguage\":\"de\"},{\"@type\":\"WebPage\",\"@id\":\"https:\/\/www.fcschwand.de\/home\/2020\/03\/02\/2002-75-jahre-1-fc-schwand-goldene-raute-sueddeutsche-meister-und-europameister-in-schwand\/#webpage\",\"url\":\"https:\/\/www.fcschwand.de\/home\/2020\/03\/02\/2002-75-jahre-1-fc-schwand-goldene-raute-sueddeutsche-meister-und-europameister-in-schwand\/\",\"name\":\"2002 75 Jahre 1.FC Schwand, Goldene Raute, S\\u00fcddeutsche Meister und Europameister in Schwand - 1.FC Schwand\",\"isPartOf\":{\"@id\":\"https:\/\/www.fcschwand.de\/home\/#website\"},\"datePublished\":\"2020-03-02T20:12:23+00:00\",\"dateModified\":\"2020-03-07T08:00:25+00:00\",\"author\":{\"@id\":\"https:\/\/www.fcschwand.de\/home\/#\/schema\/person\/ddb7a2b5d26609759a85b75a74d0c60d\"},\"breadcrumb\":{\"@id\":\"https:\/\/www.fcschwand.de\/home\/2020\/03\/02\/2002-75-jahre-1-fc-schwand-goldene-raute-sueddeutsche-meister-und-europameister-in-schwand\/#breadcrumb\"},\"inLanguage\":\"de\",\"potentialAction\":[{\"@type\":\"ReadAction\",\"target\":[\"https:\/\/www.fcschwand.de\/home\/2020\/03\/02\/2002-75-jahre-1-fc-schwand-goldene-raute-sueddeutsche-meister-und-europameister-in-schwand\/\"]}]},{\"@type\":\"BreadcrumbList\",\"@id\":\"https:\/\/www.fcschwand.de\/home\/2020\/03\/02\/2002-75-jahre-1-fc-schwand-goldene-raute-sueddeutsche-meister-und-europameister-in-schwand\/#breadcrumb\",\"itemListElement\":[{\"@type\":\"ListItem\",\"position\":1,\"item\":{\"@type\":\"WebPage\",\"@id\":\"https:\/\/www.fcschwand.de\/home\/1-fc-schwand-sportverein-2\/\",\"url\":\"https:\/\/www.fcschwand.de\/home\/1-fc-schwand-sportverein-2\/\",\"name\":\"Startseite\"}},{\"@type\":\"ListItem\",\"position\":2,\"item\":{\"@type\":\"WebPage\",\"@id\":\"https:\/\/www.fcschwand.de\/home\/2020\/03\/02\/2002-75-jahre-1-fc-schwand-goldene-raute-sueddeutsche-meister-und-europameister-in-schwand\/\",\"url\":\"https:\/\/www.fcschwand.de\/home\/2020\/03\/02\/2002-75-jahre-1-fc-schwand-goldene-raute-sueddeutsche-meister-und-europameister-in-schwand\/\",\"name\":\"2002 75 Jahre 1.FC Schwand, Goldene Raute, S\\u00fcddeutsche Meister und Europameister in Schwand\"}}]},{\"@type\":\"Person\",\"@id\":\"https:\/\/www.fcschwand.de\/home\/#\/schema\/person\/ddb7a2b5d26609759a85b75a74d0c60d\",\"name\":\"AlexHeinz\"}]}<\/script>\n<!-- \/ Yoast SEO plugin. -->","_links":{"self":[{"href":"https:\/\/www.fcschwand.de\/home\/wp-json\/wp\/v2\/posts\/4281"}],"collection":[{"href":"https:\/\/www.fcschwand.de\/home\/wp-json\/wp\/v2\/posts"}],"about":[{"href":"https:\/\/www.fcschwand.de\/home\/wp-json\/wp\/v2\/types\/post"}],"author":[{"embeddable":true,"href":"https:\/\/www.fcschwand.de\/home\/wp-json\/wp\/v2\/users\/7"}],"replies":[{"embeddable":true,"href":"https:\/\/www.fcschwand.de\/home\/wp-json\/wp\/v2\/comments?post=4281"}],"version-history":[{"count":3,"href":"https:\/\/www.fcschwand.de\/home\/wp-json\/wp\/v2\/posts\/4281\/revisions"}],"predecessor-version":[{"id":4362,"href":"https:\/\/www.fcschwand.de\/home\/wp-json\/wp\/v2\/posts\/4281\/revisions\/4362"}],"wp:attachment":[{"href":"https:\/\/www.fcschwand.de\/home\/wp-json\/wp\/v2\/media?parent=4281"}],"wp:term":[{"taxonomy":"category","embeddable":true,"href":"https:\/\/www.fcschwand.de\/home\/wp-json\/wp\/v2\/categories?post=4281"},{"taxonomy":"post_tag","embeddable":true,"href":"https:\/\/www.fcschwand.de\/home\/wp-json\/wp\/v2\/tags?post=4281"}],"curies":[{"name":"wp","href":"https:\/\/api.w.org\/{rel}","templated":true}]}}