{"id":4267,"date":"2020-03-02T20:56:32","date_gmt":"2020-03-02T19:56:32","guid":{"rendered":"https:\/\/www.fcschwand.de\/?p=4267"},"modified":"2020-03-02T21:55:53","modified_gmt":"2020-03-02T20:55:53","slug":"2008-goldene-raute-mit-aehre-bayerischer-und-nordbayerischer-meister-mannschaft-des-jahres-im-kreis-jubilaeum","status":"publish","type":"post","link":"https:\/\/www.fcschwand.de\/home\/2020\/03\/02\/2008-goldene-raute-mit-aehre-bayerischer-und-nordbayerischer-meister-mannschaft-des-jahres-im-kreis-jubilaeum\/","title":{"rendered":"2008 Goldene Raute mit \u00c4hre, Bayerischer und Nordbayerischer Meister, Mannschaft des Jahres im Kreis, Jubil\u00e4um"},"content":{"rendered":"<div  class='avia-button-wrap avia-button-center  avia-builder-el-0  avia-builder-el-no-sibling ' ><a href='https:\/\/www.fcschwand.de\/home\/?page_id=2384'  class='avia-button  avia-color-blue   avia-icon_select-yes-left-icon avia-size-small avia-position-center '   ><span class='avia_button_icon avia_button_icon_left ' aria-hidden='true' data-av_icon='\ue831' data-av_iconfont='entypo-fontello'><\/span><span class='avia_iconbox_title' >zur\u00fcck zur Geschichte<\/span><\/a><\/div>\n<div>\n<p>Das Jahr <strong>2008<\/strong> war f\u00fcr den 1.FC Schwand in vielerlei Hinsicht ein besonders erfolgreiches und auch ereignisreiches Jahr. <strong>Sebastian Meyer<\/strong> wird 3.Vorstand, <strong>Michael Jansen<\/strong> neuer Vereinskassier. Der 1.FC Schwand erh\u00e4lt als erster bayerischer Verein das G\u00fctesiegel <strong>&#8222;Goldene Raute mit \u00c4hre&#8220;<\/strong> vom BFV. Auch das Pr\u00e4dikat <strong>&#8222;Pluspunkt Gesundheit\/Sport pro Gesundheit&#8220;<\/strong> kann der FC zum vierten Mal in Empfang nehmen. Ein besonderes Highlight ist der Auftritt von <strong>Ultravox-Star Midge Ure<\/strong> im Sportheim. Gefeiert werden kann 2008 das 25-j\u00e4hrige Bestehen der Freundschaft mit den Sportlern aus L`Haye du Puits, genauso lange war <strong>Traudl Keil<\/strong> bei ihrem Abschied Wirtin des Sportheims. Die 1.Tischtennis-Jungen wird als erste Schwander Mannschaft zur <strong>Mannschaft des Jahres im Landkreis Roth (2007) <\/strong>gew\u00e4hlt. Pascal Schackot wird v\u00f6llig \u00fcberraschend <strong>Bayerischer Meister im Tischtennis <\/strong>(B-Klasse), Carola Baum und Steffen Sch\u00fctt werden <strong>Nordbayerische Meister im Rock`n`Roll<\/strong> (Junioren) und die Handball-C-Juniorinnen werden <strong>Bezirksklassen-Meister<\/strong>. Im Fu\u00dfball verpasst die Erste den sofortigen Wiederaufstieg in die Kreisliga in der <strong>Aufstiegsrelegation<\/strong> und die neue <strong>Jugendf\u00f6rdergemeinschaft <\/strong>nimmt den Spielbetrieb auf.<\/p>\n<p>Angefangen hat alles mit <strong>18 wackeren Sportsleuten<\/strong> und einem Monatsbeitrag von &#8211;.50 DM. Nun tragen wir alle die Verantwortung f\u00fcr ca. <strong>1460 Mitglieder<\/strong>, eine eigene Turnhalle, 3 Sportpl\u00e4tze, 1 Kleinfeldplatz, 4 Tennispl\u00e4tze mit Vereinsheim, 1 Gastst\u00e4tte mit 2 Nebenzimmern, 1 gro\u00dfen Parkplatz, 1 sch\u00f6nen Spielplatz, 1 Gesch\u00e4ftszimmer, 1 Wohnung mit ca. 90 qm, herrliche Umkleider\u00e4ume mit Sauna und Duschen, Lagerr\u00e4ume f\u00fcr Sportmaterial und nicht zu vergessen einen Jugendraum f\u00fcr die offene Jugendarbeit. Dies bedeutet f\u00fcr uns alle eine gro\u00dfe Verpflichtung: einmal gegen uns selbst und dann gegen\u00fcber unseren Vorg\u00e4ngern, die daf\u00fcr gewirkt haben. Es gibt viel zu tun, das Geschaffene zu erhalten und weiter auszubauen. \u00dcberlassen wir nicht alles &#8222;den anderen&#8220;, <strong>packen wir es gemeinsam an!<\/strong><\/p>\n<\/div>\n","protected":false},"excerpt":{"rendered":"<p>Das Jahr 2008 war f\u00fcr den 1.FC Schwand in vielerlei Hinsicht ein besonders erfolgreiches und auch ereignisreiches Jahr. Sebastian Meyer wird 3.Vorstand, Michael Jansen neuer Vereinskassier. Der 1.FC Schwand erh\u00e4lt als erster bayerischer Verein das G\u00fctesiegel &#8222;Goldene Raute mit \u00c4hre&#8220; vom BFV. Auch das Pr\u00e4dikat &#8222;Pluspunkt Gesundheit\/Sport pro Gesundheit&#8220; kann der FC zum vierten Mal [&hellip;]<\/p>\n","protected":false},"author":7,"featured_media":0,"comment_status":"open","ping_status":"closed","sticky":false,"template":"","format":"standard","meta":[],"categories":[42],"tags":[],"yoast_head":"<!-- This site is optimized with the Yoast SEO plugin v15.9.2 - https:\/\/yoast.com\/wordpress\/plugins\/seo\/ -->\n<title>2008 Goldene Raute mit \u00c4hre, Bayerischer und Nordbayerischer Meister, Mannschaft des Jahres im Kreis, Jubil\u00e4um - 1.FC Schwand<\/title>\n<meta property=\"og:locale\" content=\"de_DE\" \/>\n<meta property=\"og:type\" content=\"article\" \/>\n<meta property=\"og:title\" content=\"2008 Goldene Raute mit \u00c4hre, Bayerischer und Nordbayerischer Meister, Mannschaft des Jahres im Kreis, Jubil\u00e4um - 1.FC Schwand\" \/>\n<meta property=\"og:description\" content=\"Das Jahr 2008 war f\u00fcr den 1.FC Schwand in vielerlei Hinsicht ein besonders erfolgreiches und auch ereignisreiches Jahr. Sebastian Meyer wird 3.Vorstand, Michael Jansen neuer Vereinskassier. Der 1.FC Schwand erh\u00e4lt als erster bayerischer Verein das G\u00fctesiegel &#8222;Goldene Raute mit \u00c4hre&#8220; vom BFV. Auch das Pr\u00e4dikat &#8222;Pluspunkt Gesundheit\/Sport pro Gesundheit&#8220; kann der FC zum vierten Mal [&hellip;]\" \/>\n<meta property=\"og:url\" content=\"https:\/\/www.fcschwand.de\/home\/2020\/03\/02\/2008-goldene-raute-mit-aehre-bayerischer-und-nordbayerischer-meister-mannschaft-des-jahres-im-kreis-jubilaeum\/\" \/>\n<meta property=\"og:site_name\" content=\"1.FC Schwand\" \/>\n<meta property=\"article:published_time\" content=\"2020-03-02T19:56:32+00:00\" \/>\n<meta property=\"article:modified_time\" content=\"2020-03-02T20:55:53+00:00\" \/>\n<meta name=\"twitter:card\" content=\"summary\" \/>\n<meta name=\"twitter:label1\" content=\"Gesch\u00e4tzte Lesezeit\">\n\t<meta name=\"twitter:data1\" content=\"2\u00a0Minuten\">\n<script type=\"application\/ld+json\" class=\"yoast-schema-graph\">{\"@context\":\"https:\/\/schema.org\",\"@graph\":[{\"@type\":\"WebSite\",\"@id\":\"https:\/\/www.fcschwand.de\/home\/#website\",\"url\":\"https:\/\/www.fcschwand.de\/home\/\",\"name\":\"1.FC Schwand\",\"description\":\"Sport aus Leidenschaft\",\"potentialAction\":[{\"@type\":\"SearchAction\",\"target\":\"https:\/\/www.fcschwand.de\/home\/?s={search_term_string}\",\"query-input\":\"required name=search_term_string\"}],\"inLanguage\":\"de\"},{\"@type\":\"WebPage\",\"@id\":\"https:\/\/www.fcschwand.de\/home\/2020\/03\/02\/2008-goldene-raute-mit-aehre-bayerischer-und-nordbayerischer-meister-mannschaft-des-jahres-im-kreis-jubilaeum\/#webpage\",\"url\":\"https:\/\/www.fcschwand.de\/home\/2020\/03\/02\/2008-goldene-raute-mit-aehre-bayerischer-und-nordbayerischer-meister-mannschaft-des-jahres-im-kreis-jubilaeum\/\",\"name\":\"2008 Goldene Raute mit \\u00c4hre, Bayerischer und Nordbayerischer Meister, Mannschaft des Jahres im Kreis, Jubil\\u00e4um - 1.FC Schwand\",\"isPartOf\":{\"@id\":\"https:\/\/www.fcschwand.de\/home\/#website\"},\"datePublished\":\"2020-03-02T19:56:32+00:00\",\"dateModified\":\"2020-03-02T20:55:53+00:00\",\"author\":{\"@id\":\"https:\/\/www.fcschwand.de\/home\/#\/schema\/person\/ddb7a2b5d26609759a85b75a74d0c60d\"},\"breadcrumb\":{\"@id\":\"https:\/\/www.fcschwand.de\/home\/2020\/03\/02\/2008-goldene-raute-mit-aehre-bayerischer-und-nordbayerischer-meister-mannschaft-des-jahres-im-kreis-jubilaeum\/#breadcrumb\"},\"inLanguage\":\"de\",\"potentialAction\":[{\"@type\":\"ReadAction\",\"target\":[\"https:\/\/www.fcschwand.de\/home\/2020\/03\/02\/2008-goldene-raute-mit-aehre-bayerischer-und-nordbayerischer-meister-mannschaft-des-jahres-im-kreis-jubilaeum\/\"]}]},{\"@type\":\"BreadcrumbList\",\"@id\":\"https:\/\/www.fcschwand.de\/home\/2020\/03\/02\/2008-goldene-raute-mit-aehre-bayerischer-und-nordbayerischer-meister-mannschaft-des-jahres-im-kreis-jubilaeum\/#breadcrumb\",\"itemListElement\":[{\"@type\":\"ListItem\",\"position\":1,\"item\":{\"@type\":\"WebPage\",\"@id\":\"https:\/\/www.fcschwand.de\/home\/1-fc-schwand-sportverein-2\/\",\"url\":\"https:\/\/www.fcschwand.de\/home\/1-fc-schwand-sportverein-2\/\",\"name\":\"Startseite\"}},{\"@type\":\"ListItem\",\"position\":2,\"item\":{\"@type\":\"WebPage\",\"@id\":\"https:\/\/www.fcschwand.de\/home\/2020\/03\/02\/2008-goldene-raute-mit-aehre-bayerischer-und-nordbayerischer-meister-mannschaft-des-jahres-im-kreis-jubilaeum\/\",\"url\":\"https:\/\/www.fcschwand.de\/home\/2020\/03\/02\/2008-goldene-raute-mit-aehre-bayerischer-und-nordbayerischer-meister-mannschaft-des-jahres-im-kreis-jubilaeum\/\",\"name\":\"2008 Goldene Raute mit \\u00c4hre, Bayerischer und Nordbayerischer Meister, Mannschaft des Jahres im Kreis, Jubil\\u00e4um\"}}]},{\"@type\":\"Person\",\"@id\":\"https:\/\/www.fcschwand.de\/home\/#\/schema\/person\/ddb7a2b5d26609759a85b75a74d0c60d\",\"name\":\"AlexHeinz\"}]}<\/script>\n<!-- \/ Yoast SEO plugin. -->","_links":{"self":[{"href":"https:\/\/www.fcschwand.de\/home\/wp-json\/wp\/v2\/posts\/4267"}],"collection":[{"href":"https:\/\/www.fcschwand.de\/home\/wp-json\/wp\/v2\/posts"}],"about":[{"href":"https:\/\/www.fcschwand.de\/home\/wp-json\/wp\/v2\/types\/post"}],"author":[{"embeddable":true,"href":"https:\/\/www.fcschwand.de\/home\/wp-json\/wp\/v2\/users\/7"}],"replies":[{"embeddable":true,"href":"https:\/\/www.fcschwand.de\/home\/wp-json\/wp\/v2\/comments?post=4267"}],"version-history":[{"count":3,"href":"https:\/\/www.fcschwand.de\/home\/wp-json\/wp\/v2\/posts\/4267\/revisions"}],"predecessor-version":[{"id":4353,"href":"https:\/\/www.fcschwand.de\/home\/wp-json\/wp\/v2\/posts\/4267\/revisions\/4353"}],"wp:attachment":[{"href":"https:\/\/www.fcschwand.de\/home\/wp-json\/wp\/v2\/media?parent=4267"}],"wp:term":[{"taxonomy":"category","embeddable":true,"href":"https:\/\/www.fcschwand.de\/home\/wp-json\/wp\/v2\/categories?post=4267"},{"taxonomy":"post_tag","embeddable":true,"href":"https:\/\/www.fcschwand.de\/home\/wp-json\/wp\/v2\/tags?post=4267"}],"curies":[{"name":"wp","href":"https:\/\/api.w.org\/{rel}","templated":true}]}}