{"id":4261,"date":"2020-03-02T20:46:00","date_gmt":"2020-03-02T19:46:00","guid":{"rendered":"https:\/\/www.fcschwand.de\/?p=4261"},"modified":"2020-03-02T21:53:45","modified_gmt":"2020-03-02T20:53:45","slug":"2012-neue-vorstandschaft-erfolge-ehrungen-neue-wirtin-fuer-das-vereinsheim","status":"publish","type":"post","link":"https:\/\/www.fcschwand.de\/home\/2020\/03\/02\/2012-neue-vorstandschaft-erfolge-ehrungen-neue-wirtin-fuer-das-vereinsheim\/","title":{"rendered":"2012 Neue Vorstandschaft, Erfolge, Ehrungen &#038; neue Wirtin f\u00fcr das Vereinsheim"},"content":{"rendered":"<p>&nbsp;<\/p>\n<div  class='avia-button-wrap avia-button-center  avia-builder-el-0  avia-builder-el-no-sibling ' ><a href='https:\/\/www.fcschwand.de\/home\/?page_id=2384'  class='avia-button  avia-color-blue   avia-icon_select-yes-left-icon avia-size-small avia-position-center '   ><span class='avia_button_icon avia_button_icon_left ' aria-hidden='true' data-av_icon='\ue831' data-av_iconfont='entypo-fontello'><\/span><span class='avia_iconbox_title' >zur\u00fcck zur Geschichte<\/span><\/a><\/div>\n<p>Nach einigen Jahren als 1. Vorstand tritt Harald Oberfichtner von seinem Amt zur\u00fcck. Eine neue F\u00fchrung f\u00fcr die Vereinsangelegenheiten wurde gesucht und nat\u00fcrlich auch gefunden.<strong> Bernd Bachhofer<\/strong> (ehemaliger 2.Vorstand) \u00fcbernimmt das Amt des 1 . Vorstand. Neu dazu kommt <strong>Bruno Gogel<\/strong> als 2.Vorsitzender, Sebastian Meyer bleibt weiterhin 3.Vorsitzender. Auf den anderen Posten bleibt alles wie vorher:<\/p>\n<pre>Kassier: Anette Hochmeyer\r\nJugendleiter: Andrea Wiedemann\r\nSchriftf\u00fchrerin: Doris Hutflesz<\/pre>\n<p>&nbsp;<\/p>\n<p id=\"panel1\" class=\"title jpane-toggler-down\">Mit dem Kursangebot zur Wirbels\u00e4ulengymnastik konnte Ulrike Papenfu\u00df gleich zwei Mal das G\u00fctesiegel \u201ePluspunkt Gesundheit.DTB\u201c erwerben.<\/p>\n<p class=\"title jpane-toggler-down\">Einen tollen 5. Platz konnten sich die Rock&#8217;nRoller mit ihrem Formationstanz bei der Bayerischen Meisterschaft ertanzen.<\/p>\n<p class=\"title jpane-toggler-down\">Die 1. Tischtennis-Herrenmannschaft des 1. FC Schwand schafft mit einem 9:5 Erfolg gegen den h\u00e4rtesten Rivalen, den TSV Heideck, vorzeitig die Meisterschaft in der 3. Bezirksliga S\u00fcd, steigt nach 30 Jahren in die 2. Bezirksliga auf und erreicht damit einen der gr\u00f6\u00dften Erfolge in der Schwander Tischtennisgeschichte.<\/p>\n<p>Au\u00dferdem gibt es ab Oktober eine neue Wirtin im Vereinsheim. Andrea Hartmann \u00fcbernimmt als Gesch\u00e4ftsf\u00fchrerin die Gastst\u00e4tte. Wir w\u00fcnschen ihr viel Erfog!<\/p>\n","protected":false},"excerpt":{"rendered":"<p>&nbsp; Nach einigen Jahren als 1. Vorstand tritt Harald Oberfichtner von seinem Amt zur\u00fcck. Eine neue F\u00fchrung f\u00fcr die Vereinsangelegenheiten wurde gesucht und nat\u00fcrlich auch gefunden. Bernd Bachhofer (ehemaliger 2.Vorstand) \u00fcbernimmt das Amt des 1 . Vorstand. Neu dazu kommt Bruno Gogel als 2.Vorsitzender, Sebastian Meyer bleibt weiterhin 3.Vorsitzender. Auf den anderen Posten bleibt alles [&hellip;]<\/p>\n","protected":false},"author":7,"featured_media":0,"comment_status":"open","ping_status":"closed","sticky":false,"template":"","format":"standard","meta":[],"categories":[42],"tags":[],"yoast_head":"<!-- This site is optimized with the Yoast SEO plugin v15.9.2 - https:\/\/yoast.com\/wordpress\/plugins\/seo\/ -->\n<title>2012 Neue Vorstandschaft, Erfolge, Ehrungen &amp; neue Wirtin f\u00fcr das Vereinsheim - 1.FC Schwand<\/title>\n<meta property=\"og:locale\" content=\"de_DE\" \/>\n<meta property=\"og:type\" content=\"article\" \/>\n<meta property=\"og:title\" content=\"2012 Neue Vorstandschaft, Erfolge, Ehrungen &amp; neue Wirtin f\u00fcr das Vereinsheim - 1.FC Schwand\" \/>\n<meta property=\"og:description\" content=\"&nbsp; Nach einigen Jahren als 1. Vorstand tritt Harald Oberfichtner von seinem Amt zur\u00fcck. Eine neue F\u00fchrung f\u00fcr die Vereinsangelegenheiten wurde gesucht und nat\u00fcrlich auch gefunden. Bernd Bachhofer (ehemaliger 2.Vorstand) \u00fcbernimmt das Amt des 1 . Vorstand. Neu dazu kommt Bruno Gogel als 2.Vorsitzender, Sebastian Meyer bleibt weiterhin 3.Vorsitzender. Auf den anderen Posten bleibt alles [&hellip;]\" \/>\n<meta property=\"og:url\" content=\"https:\/\/www.fcschwand.de\/home\/2020\/03\/02\/2012-neue-vorstandschaft-erfolge-ehrungen-neue-wirtin-fuer-das-vereinsheim\/\" \/>\n<meta property=\"og:site_name\" content=\"1.FC Schwand\" \/>\n<meta property=\"article:published_time\" content=\"2020-03-02T19:46:00+00:00\" \/>\n<meta property=\"article:modified_time\" content=\"2020-03-02T20:53:45+00:00\" \/>\n<meta name=\"twitter:card\" content=\"summary\" \/>\n<meta name=\"twitter:label1\" content=\"Gesch\u00e4tzte Lesezeit\">\n\t<meta name=\"twitter:data1\" content=\"1\u00a0Minute\">\n<script type=\"application\/ld+json\" class=\"yoast-schema-graph\">{\"@context\":\"https:\/\/schema.org\",\"@graph\":[{\"@type\":\"WebSite\",\"@id\":\"https:\/\/www.fcschwand.de\/home\/#website\",\"url\":\"https:\/\/www.fcschwand.de\/home\/\",\"name\":\"1.FC Schwand\",\"description\":\"Sport aus Leidenschaft\",\"potentialAction\":[{\"@type\":\"SearchAction\",\"target\":\"https:\/\/www.fcschwand.de\/home\/?s={search_term_string}\",\"query-input\":\"required name=search_term_string\"}],\"inLanguage\":\"de\"},{\"@type\":\"WebPage\",\"@id\":\"https:\/\/www.fcschwand.de\/home\/2020\/03\/02\/2012-neue-vorstandschaft-erfolge-ehrungen-neue-wirtin-fuer-das-vereinsheim\/#webpage\",\"url\":\"https:\/\/www.fcschwand.de\/home\/2020\/03\/02\/2012-neue-vorstandschaft-erfolge-ehrungen-neue-wirtin-fuer-das-vereinsheim\/\",\"name\":\"2012 Neue Vorstandschaft, Erfolge, Ehrungen & neue Wirtin f\\u00fcr das Vereinsheim - 1.FC Schwand\",\"isPartOf\":{\"@id\":\"https:\/\/www.fcschwand.de\/home\/#website\"},\"datePublished\":\"2020-03-02T19:46:00+00:00\",\"dateModified\":\"2020-03-02T20:53:45+00:00\",\"author\":{\"@id\":\"https:\/\/www.fcschwand.de\/home\/#\/schema\/person\/ddb7a2b5d26609759a85b75a74d0c60d\"},\"breadcrumb\":{\"@id\":\"https:\/\/www.fcschwand.de\/home\/2020\/03\/02\/2012-neue-vorstandschaft-erfolge-ehrungen-neue-wirtin-fuer-das-vereinsheim\/#breadcrumb\"},\"inLanguage\":\"de\",\"potentialAction\":[{\"@type\":\"ReadAction\",\"target\":[\"https:\/\/www.fcschwand.de\/home\/2020\/03\/02\/2012-neue-vorstandschaft-erfolge-ehrungen-neue-wirtin-fuer-das-vereinsheim\/\"]}]},{\"@type\":\"BreadcrumbList\",\"@id\":\"https:\/\/www.fcschwand.de\/home\/2020\/03\/02\/2012-neue-vorstandschaft-erfolge-ehrungen-neue-wirtin-fuer-das-vereinsheim\/#breadcrumb\",\"itemListElement\":[{\"@type\":\"ListItem\",\"position\":1,\"item\":{\"@type\":\"WebPage\",\"@id\":\"https:\/\/www.fcschwand.de\/home\/1-fc-schwand-sportverein-2\/\",\"url\":\"https:\/\/www.fcschwand.de\/home\/1-fc-schwand-sportverein-2\/\",\"name\":\"Startseite\"}},{\"@type\":\"ListItem\",\"position\":2,\"item\":{\"@type\":\"WebPage\",\"@id\":\"https:\/\/www.fcschwand.de\/home\/2020\/03\/02\/2012-neue-vorstandschaft-erfolge-ehrungen-neue-wirtin-fuer-das-vereinsheim\/\",\"url\":\"https:\/\/www.fcschwand.de\/home\/2020\/03\/02\/2012-neue-vorstandschaft-erfolge-ehrungen-neue-wirtin-fuer-das-vereinsheim\/\",\"name\":\"2012 Neue Vorstandschaft, Erfolge, Ehrungen &#038; neue Wirtin f\\u00fcr das Vereinsheim\"}}]},{\"@type\":\"Person\",\"@id\":\"https:\/\/www.fcschwand.de\/home\/#\/schema\/person\/ddb7a2b5d26609759a85b75a74d0c60d\",\"name\":\"AlexHeinz\"}]}<\/script>\n<!-- \/ Yoast SEO plugin. -->","_links":{"self":[{"href":"https:\/\/www.fcschwand.de\/home\/wp-json\/wp\/v2\/posts\/4261"}],"collection":[{"href":"https:\/\/www.fcschwand.de\/home\/wp-json\/wp\/v2\/posts"}],"about":[{"href":"https:\/\/www.fcschwand.de\/home\/wp-json\/wp\/v2\/types\/post"}],"author":[{"embeddable":true,"href":"https:\/\/www.fcschwand.de\/home\/wp-json\/wp\/v2\/users\/7"}],"replies":[{"embeddable":true,"href":"https:\/\/www.fcschwand.de\/home\/wp-json\/wp\/v2\/comments?post=4261"}],"version-history":[{"count":4,"href":"https:\/\/www.fcschwand.de\/home\/wp-json\/wp\/v2\/posts\/4261\/revisions"}],"predecessor-version":[{"id":4263,"href":"https:\/\/www.fcschwand.de\/home\/wp-json\/wp\/v2\/posts\/4261\/revisions\/4263"}],"wp:attachment":[{"href":"https:\/\/www.fcschwand.de\/home\/wp-json\/wp\/v2\/media?parent=4261"}],"wp:term":[{"taxonomy":"category","embeddable":true,"href":"https:\/\/www.fcschwand.de\/home\/wp-json\/wp\/v2\/categories?post=4261"},{"taxonomy":"post_tag","embeddable":true,"href":"https:\/\/www.fcschwand.de\/home\/wp-json\/wp\/v2\/tags?post=4261"}],"curies":[{"name":"wp","href":"https:\/\/api.w.org\/{rel}","templated":true}]}}